{"id":28265,"date":"2022-10-06T08:44:07","date_gmt":"2022-10-06T07:44:07","guid":{"rendered":"https:\/\/campax.org\/success_stories\/keine-waffenexporte-in-buergerkriegslaender\/"},"modified":"2022-11-18T13:33:02","modified_gmt":"2022-11-18T12:33:02","slug":"keine-waffenexporte-in-buergerkriegslaender","status":"publish","type":"success_stories","link":"https:\/\/campax.org\/it\/success_stories\/keine-waffenexporte-in-buergerkriegslaender\/","title":{"rendered":"Nessuna esportazione di armi in paesi in guerra civile!"},"content":{"rendered":"\t\t<div data-elementor-type=\"wp-post\" data-elementor-id=\"28265\" class=\"elementor elementor-28265\" data-elementor-post-type=\"success_stories\">\n\t\t\t\t\t\t<section class=\"elementor-section elementor-top-section elementor-element elementor-element-3172e57d elementor-section-boxed elementor-section-height-default elementor-section-height-default\" data-id=\"3172e57d\" data-element_type=\"section\">\n\t\t\t\t\t\t<div class=\"elementor-container elementor-column-gap-default\">\n\t\t\t\t\t<div class=\"elementor-column elementor-col-100 elementor-top-column elementor-element elementor-element-5d6aae3d\" data-id=\"5d6aae3d\" data-element_type=\"column\">\n\t\t\t<div class=\"elementor-widget-wrap elementor-element-populated\">\n\t\t\t\t\t\t<div class=\"elementor-element elementor-element-c726862 elementor-widget elementor-widget-heading\" data-id=\"c726862\" data-element_type=\"widget\" data-widget_type=\"heading.default\">\n\t\t\t\t<div class=\"elementor-widget-container\">\n\t\t\t\t\t<h1 class=\"elementor-heading-title elementor-size-default\">Nessuna esportazione di armi in paesi in guerra civile!<\/h1>\t\t\t\t<\/div>\n\t\t\t\t<\/div>\n\t\t\t\t<div class=\"elementor-element elementor-element-2d9545eb elementor-widget elementor-widget-text-editor\" data-id=\"2d9545eb\" data-element_type=\"widget\" data-widget_type=\"text-editor.default\">\n\t\t\t\t<div class=\"elementor-widget-container\">\n\t\t\t\t\t\t\t\t\t<p><strong>A causa di un&#8217;efficace azione di lobbying da parte dell&#8217;industria degli armamenti presso le commissioni competenti, il Consiglio federale ha voluto facilitare l&#8217;esportazione di armi verso i Paesi in guerra civile. Campax ha lanciato una campagna contro questo fenomeno con una petizione nel marzo 2018. La petizione ha avuto molto successo e anche la consegna \u00e8 stata molto partecipata. Di conseguenza, la questione \u00e8 diventata l&#8217;argomento politico pi\u00f9 caldo dell&#8217;estate 2018.<\/strong><\/p>\n\t\t\t\t\t\t\t\t<\/div>\n\t\t\t\t<\/div>\n\t\t\t\t\t<\/div>\n\t\t<\/div>\n\t\t\t\t\t<\/div>\n\t\t<\/section>\n\t\t\t\t<section class=\"elementor-section elementor-top-section elementor-element elementor-element-58805d5a elementor-section-boxed elementor-section-height-default elementor-section-height-default\" data-id=\"58805d5a\" data-element_type=\"section\">\n\t\t\t\t\t\t<div class=\"elementor-container elementor-column-gap-default\">\n\t\t\t\t\t<div class=\"elementor-column elementor-col-50 elementor-top-column elementor-element elementor-element-6fcb5963\" data-id=\"6fcb5963\" data-element_type=\"column\">\n\t\t\t<div class=\"elementor-widget-wrap elementor-element-populated\">\n\t\t\t\t\t\t<div class=\"elementor-element elementor-element-55303bcb elementor-widget elementor-widget-text-editor\" data-id=\"55303bcb\" data-element_type=\"widget\" data-widget_type=\"text-editor.default\">\n\t\t\t\t<div class=\"elementor-widget-container\">\n\t\t\t\t\t\t\t\t\t<p>Il 10 settembre 2018 un&#8217;ampia coalizione di partiti e organizzazioni ha mostrato il cartellino rosso al Consiglio federale lanciando l&#8217;<a href=\"https:\/\/korrektur-initiative.ch\/\" target=\"_blank\" rel=\"noopener noreferrer\">Iniziativa per la correzione<\/a>. Con la prevista modifica dell&#8217;Ordinanza sul materiale bellico, che consentirebbe anche l&#8217;esportazione di armi verso i Paesi in guerra civile, il Consiglio federale sta chiaramente superando una linea rossa.<\/p>\n<\/p>\n<p>Dopo che il Consiglio degli Stati non ha adottato la mozione per &#8220;ampliare la base democratica delle esportazioni di armi&#8221;, l&#8217;iniziativa correttiva \u00e8 stata lanciata l&#8217;11 dicembre 2018. L&#8217;iniziativa, sostenuta da un&#8217;ampia alleanza, chiede che il Parlamento e la popolazione abbiano voce in capitolo sulle norme relative alle esportazioni di materiale bellico.<\/p>\n<\/p>\n<p>L&#8217;iniziativa \u00e8 stata presentata il 24 giugno dall&#8217;Alliance Against Arms Exports to Civil War Countries &#8211; di cui Campax \u00e8 membro &#8211; con oltre 135.000 firme.<\/p>\n\t\t\t\t\t\t\t\t<\/div>\n\t\t\t\t<\/div>\n\t\t\t\t\t<\/div>\n\t\t<\/div>\n\t\t\t\t<div class=\"elementor-column elementor-col-50 elementor-top-column elementor-element elementor-element-63e564de\" data-id=\"63e564de\" data-element_type=\"column\">\n\t\t\t<div class=\"elementor-widget-wrap elementor-element-populated\">\n\t\t\t\t\t\t<div class=\"elementor-element elementor-element-5ab07097 elementor-widget elementor-widget-theme-post-featured-image elementor-widget-image\" data-id=\"5ab07097\" data-element_type=\"widget\" data-widget_type=\"theme-post-featured-image.default\">\n\t\t\t\t<div class=\"elementor-widget-container\">\n\t\t\t\t\t\t\t\t\t\t\t\t\t\t\t<img decoding=\"async\" width=\"768\" height=\"768\" data-src=\"https:\/\/campax.org\/wp-content\/uploads\/2022\/10\/Keine-Waffenexporte-in-Bu\u0308rgerkriegsla\u0308nder-768x768.png\" class=\"attachment-medium_large size-medium_large wp-image-2649 lazyload\" alt=\"Keine Waffenexporte in Bu\u0308rgerkriegsla\u0308nder\" data-srcset=\"https:\/\/campax.org\/wp-content\/uploads\/2022\/10\/Keine-Waffenexporte-in-Bu\u0308rgerkriegsla\u0308nder-768x768.png 768w, https:\/\/campax.org\/wp-content\/uploads\/2022\/10\/Keine-Waffenexporte-in-Bu\u0308rgerkriegsla\u0308nder-300x300.png 300w, https:\/\/campax.org\/wp-content\/uploads\/2022\/10\/Keine-Waffenexporte-in-Bu\u0308rgerkriegsla\u0308nder-1024x1024.png 1024w, https:\/\/campax.org\/wp-content\/uploads\/2022\/10\/Keine-Waffenexporte-in-Bu\u0308rgerkriegsla\u0308nder-150x150.png 150w, https:\/\/campax.org\/wp-content\/uploads\/2022\/10\/Keine-Waffenexporte-in-Bu\u0308rgerkriegsla\u0308nder-1536x1536.png 1536w, https:\/\/campax.org\/wp-content\/uploads\/2022\/10\/Keine-Waffenexporte-in-Bu\u0308rgerkriegsla\u0308nder.png 1700w\" data-sizes=\"(max-width: 768px) 100vw, 768px\" src=\"data:image\/svg+xml;base64,PHN2ZyB3aWR0aD0iMSIgaGVpZ2h0PSIxIiB4bWxucz0iaHR0cDovL3d3dy53My5vcmcvMjAwMC9zdmciPjwvc3ZnPg==\" style=\"--smush-placeholder-width: 768px; --smush-placeholder-aspect-ratio: 768\/768;\" \/>\t\t\t\t\t\t\t\t\t\t\t\t\t\t\t<\/div>\n\t\t\t\t<\/div>\n\t\t\t\t\t<\/div>\n\t\t<\/div>\n\t\t\t\t\t<\/div>\n\t\t<\/section>\n\t\t\t\t<section class=\"elementor-section elementor-top-section elementor-element elementor-element-4ab9184b elementor-section-boxed elementor-section-height-default elementor-section-height-default\" data-id=\"4ab9184b\" data-element_type=\"section\">\n\t\t\t\t\t\t<div class=\"elementor-container elementor-column-gap-default\">\n\t\t\t\t\t<div class=\"elementor-column elementor-col-100 elementor-top-column elementor-element elementor-element-6924045\" data-id=\"6924045\" data-element_type=\"column\">\n\t\t\t<div class=\"elementor-widget-wrap elementor-element-populated\">\n\t\t\t\t\t\t<div class=\"elementor-element elementor-element-77d60828 elementor-widget elementor-widget-text-editor\" data-id=\"77d60828\" data-element_type=\"widget\" data-widget_type=\"text-editor.default\">\n\t\t\t\t<div class=\"elementor-widget-container\">\n\t\t\t\t\t\t\t\t\t<p>I lobbisti favorevoli e contrari all&#8217;esportazione di materiale bellico hanno combattuto una dura battaglia per settimane. &#8220;10vor10&#8221; ha incontrato due avversari nella lotta per le esportazioni controverse: L&#8217;amministratore delegato di una fabbrica di armi e il nostro attivista Urs.<\/p><\/p>\n\t\t\t\t\t\t\t\t<\/div>\n\t\t\t\t<\/div>\n\t\t\t\t<div class=\"elementor-element elementor-element-774ace6 elementor-widget elementor-widget-html\" data-id=\"774ace6\" data-element_type=\"widget\" data-widget_type=\"html.default\">\n\t\t\t\t<div class=\"elementor-widget-container\">\n\t\t\t\t\t<iframe width=\"560\" height=\"315\" data-src=\"https:\/\/www.srf.ch\/play\/embed?urn=urn:srf:video:88f8f8c7-4648-4060-81a5-15e2641f5307&amp;startTime=706&amp;subdivisions=false\" allowfullscreen=\"\" allow=\"geolocation *; autoplay; encrypted-media\" src=\"data:image\/svg+xml;base64,PHN2ZyB3aWR0aD0iMSIgaGVpZ2h0PSIxIiB4bWxucz0iaHR0cDovL3d3dy53My5vcmcvMjAwMC9zdmciPjwvc3ZnPg==\" class=\"lazyload\" data-load-mode=\"1\"><\/iframe>\t\t\t\t<\/div>\n\t\t\t\t<\/div>\n\t\t\t\t\t<\/div>\n\t\t<\/div>\n\t\t\t\t\t<\/div>\n\t\t<\/section>\n\t\t\t\t<section class=\"elementor-section elementor-top-section elementor-element elementor-element-484f180b elementor-section-boxed elementor-section-height-default elementor-section-height-default\" data-id=\"484f180b\" data-element_type=\"section\">\n\t\t\t\t\t\t<div class=\"elementor-container elementor-column-gap-default\">\n\t\t\t\t\t<div class=\"elementor-column elementor-col-100 elementor-top-column elementor-element elementor-element-7a001a6a\" data-id=\"7a001a6a\" data-element_type=\"column\">\n\t\t\t<div class=\"elementor-widget-wrap elementor-element-populated\">\n\t\t\t\t\t\t<div class=\"elementor-element elementor-element-52d9dbd elementor-widget elementor-widget-heading\" data-id=\"52d9dbd\" data-element_type=\"widget\" data-widget_type=\"heading.default\">\n\t\t\t\t<div class=\"elementor-widget-container\">\n\t\t\t\t\t<h3 class=\"elementor-heading-title elementor-size-default\">Le immagini dell'iniziativa<\/h3>\t\t\t\t<\/div>\n\t\t\t\t<\/div>\n\t\t\t\t<div class=\"elementor-element elementor-element-df1af8b elementor-widget elementor-widget-html\" data-id=\"df1af8b\" data-element_type=\"widget\" data-widget_type=\"html.default\">\n\t\t\t\t<div class=\"elementor-widget-container\">\n\t\t\t\t\t<a data-flickr-embed=\"true\" href=\"https:\/\/www.flickr.com\/photos\/139861776@N02\/albums\/72157719921987654\" title=\"Nessuna esportazione di armi in paesi in guerra civile!\" target=\"_blank\" rel=\"noopener\"><img decoding=\"async\" data-src=\"https:\/\/live.staticflickr.com\/7914\/46686467941_64b5934334_z.jpg\" width=\"640\" height=\"480\" alt=\"Nessuna esportazione di armi in paesi in guerra civile!\" src=\"data:image\/svg+xml;base64,PHN2ZyB3aWR0aD0iMSIgaGVpZ2h0PSIxIiB4bWxucz0iaHR0cDovL3d3dy53My5vcmcvMjAwMC9zdmciPjwvc3ZnPg==\" class=\"lazyload\" style=\"--smush-placeholder-width: 640px; --smush-placeholder-aspect-ratio: 640\/480;\"><\/a><script async=\"\" src=\"\/\/embedr.flickr.com\/assets\/client-code.js\" charset=\"utf-8\"><\/script>\t\t\t\t<\/div>\n\t\t\t\t<\/div>\n\t\t\t\t\t<\/div>\n\t\t<\/div>\n\t\t\t\t\t<\/div>\n\t\t<\/section>\n\t\t\t\t<\/div>\n\t\t","protected":false},"featured_media":2649,"template":"","class_list":["post-28265","success_stories","type-success_stories","status-publish","has-post-thumbnail","hentry"],"acf":[],"publishpress_future_workflow_manual_trigger":{"enabledWorkflows":[]},"_links":{"self":[{"href":"https:\/\/campax.org\/it\/wp-json\/wp\/v2\/success_stories\/28265","targetHints":{"allow":["GET"]}}],"collection":[{"href":"https:\/\/campax.org\/it\/wp-json\/wp\/v2\/success_stories"}],"about":[{"href":"https:\/\/campax.org\/it\/wp-json\/wp\/v2\/types\/success_stories"}],"version-history":[{"count":0,"href":"https:\/\/campax.org\/it\/wp-json\/wp\/v2\/success_stories\/28265\/revisions"}],"wp:featuredmedia":[{"embeddable":true,"href":"https:\/\/campax.org\/it\/wp-json\/wp\/v2\/media\/2649"}],"wp:attachment":[{"href":"https:\/\/campax.org\/it\/wp-json\/wp\/v2\/media?parent=28265"}],"curies":[{"name":"wp","href":"https:\/\/api.w.org\/{rel}","templated":true}]}}