{"id":38508,"date":"2023-07-19T12:36:00","date_gmt":"2023-07-19T11:36:00","guid":{"rendered":"https:\/\/campax.org\/?p=38508"},"modified":"2024-12-18T15:24:56","modified_gmt":"2024-12-18T14:24:56","slug":"la-grande-manifestation-pour-le-climat-le-30-septembre","status":"publish","type":"post","link":"https:\/\/campax.org\/fr\/la-grande-manifestation-pour-le-climat-le-30-septembre\/","title":{"rendered":"LA grande manifestation pour le climat le 30 septembre"},"content":{"rendered":"\t\t<div data-elementor-type=\"wp-post\" data-elementor-id=\"38508\" class=\"elementor elementor-38508 elementor-38483\" data-elementor-post-type=\"post\">\n\t\t\t\t\t\t<section class=\"elementor-section elementor-top-section elementor-element elementor-element-390b8f04 elementor-section-boxed elementor-section-height-default elementor-section-height-default\" data-id=\"390b8f04\" data-element_type=\"section\" id=\"page-title\">\n\t\t\t\t\t\t<div class=\"elementor-container elementor-column-gap-default\">\n\t\t\t\t\t<div class=\"elementor-column elementor-col-100 elementor-top-column elementor-element elementor-element-26f23d4e\" data-id=\"26f23d4e\" data-element_type=\"column\">\n\t\t\t<div class=\"elementor-widget-wrap elementor-element-populated\">\n\t\t\t\t\t\t\t<\/div>\n\t\t<\/div>\n\t\t\t\t\t<\/div>\n\t\t<\/section>\n\t\t\t\t<section class=\"elementor-section elementor-top-section elementor-element elementor-element-29df760e elementor-section-boxed elementor-section-height-default elementor-section-height-default\" data-id=\"29df760e\" data-element_type=\"section\">\n\t\t\t\t\t\t<div class=\"elementor-container elementor-column-gap-default\">\n\t\t\t\t\t<div class=\"elementor-column elementor-col-50 elementor-top-column elementor-element elementor-element-ade3f6d\" data-id=\"ade3f6d\" data-element_type=\"column\">\n\t\t\t<div class=\"elementor-widget-wrap elementor-element-populated\">\n\t\t\t\t\t\t<div class=\"elementor-element elementor-element-5d1beef8 elementor-widget elementor-widget-post-info\" data-id=\"5d1beef8\" data-element_type=\"widget\" data-widget_type=\"post-info.default\">\n\t\t\t\t<div class=\"elementor-widget-container\">\n\t\t\t\t\t\t\t<ul class=\"elementor-icon-list-items elementor-post-info\">\n\t\t\t\t\t\t\t\t<li class=\"elementor-icon-list-item elementor-repeater-item-d3946a9\" itemprop=\"author\">\n\t\t\t\t\t\t<a href=\"https:\/\/campax.org\/fr\/author\/admin\/\">\n\t\t\t\t\t\t\t\t\t\t\t<span class=\"elementor-icon-list-icon\">\n\t\t\t\t\t\t\t\t<i aria-hidden=\"true\" class=\"far fa-user-circle\"><\/i>\t\t\t\t\t\t\t<\/span>\n\t\t\t\t\t\t\t\t\t<span class=\"elementor-icon-list-text elementor-post-info__item elementor-post-info__item--type-author\">\n\t\t\t\t\t\t\t\t\t\tAdmin\t\t\t\t\t<\/span>\n\t\t\t\t\t\t\t\t\t<\/a>\n\t\t\t\t<\/li>\n\t\t\t\t<\/ul>\n\t\t\t\t\t\t<\/div>\n\t\t\t\t<\/div>\n\t\t\t\t<div class=\"elementor-element elementor-element-3daa08e3 elementor-widget elementor-widget-spacer\" data-id=\"3daa08e3\" data-element_type=\"widget\" data-widget_type=\"spacer.default\">\n\t\t\t\t<div class=\"elementor-widget-container\">\n\t\t\t\t\t\t\t<div class=\"elementor-spacer\">\n\t\t\t<div class=\"elementor-spacer-inner\"><\/div>\n\t\t<\/div>\n\t\t\t\t\t\t<\/div>\n\t\t\t\t<\/div>\n\t\t\t\t\t<\/div>\n\t\t<\/div>\n\t\t\t\t<div class=\"elementor-column elementor-col-50 elementor-top-column elementor-element elementor-element-11210e4a\" data-id=\"11210e4a\" data-element_type=\"column\">\n\t\t\t<div class=\"elementor-widget-wrap elementor-element-populated\">\n\t\t\t\t\t\t<div class=\"elementor-element elementor-element-3cbd6e1c elementor-widget elementor-widget-post-info\" data-id=\"3cbd6e1c\" data-element_type=\"widget\" data-widget_type=\"post-info.default\">\n\t\t\t\t<div class=\"elementor-widget-container\">\n\t\t\t\t\t\t\t<ul class=\"elementor-icon-list-items elementor-post-info\">\n\t\t\t\t\t\t\t\t<li class=\"elementor-icon-list-item elementor-repeater-item-98b305e\" itemprop=\"datePublished\">\n\t\t\t\t\t\t<a href=\"https:\/\/campax.org\/fr\/2023\/07\/19\/\">\n\t\t\t\t\t\t\t\t\t\t\t<span class=\"elementor-icon-list-icon\">\n\t\t\t\t\t\t\t\t<i aria-hidden=\"true\" class=\"fas fa-calendar\"><\/i>\t\t\t\t\t\t\t<\/span>\n\t\t\t\t\t\t\t\t\t<span class=\"elementor-icon-list-text elementor-post-info__item elementor-post-info__item--type-date\">\n\t\t\t\t\t\t\t\t\t\t<time>juillet 19, 2023<\/time>\t\t\t\t\t<\/span>\n\t\t\t\t\t\t\t\t\t<\/a>\n\t\t\t\t<\/li>\n\t\t\t\t<\/ul>\n\t\t\t\t\t\t<\/div>\n\t\t\t\t<\/div>\n\t\t\t\t\t<\/div>\n\t\t<\/div>\n\t\t\t\t\t<\/div>\n\t\t<\/section>\n\t\t\t\t<section class=\"elementor-section elementor-top-section elementor-element elementor-element-dfc00ff elementor-section-boxed elementor-section-height-default elementor-section-height-default\" data-id=\"dfc00ff\" data-element_type=\"section\" id=\"article-lead\">\n\t\t\t\t\t\t<div class=\"elementor-container elementor-column-gap-default\">\n\t\t\t\t\t<div class=\"elementor-column elementor-col-100 elementor-top-column elementor-element elementor-element-4e1a52b8\" data-id=\"4e1a52b8\" data-element_type=\"column\">\n\t\t\t<div class=\"elementor-widget-wrap elementor-element-populated\">\n\t\t\t\t\t\t<div class=\"elementor-element elementor-element-448f49a9 elementor-widget elementor-widget-text-editor\" data-id=\"448f49a9\" data-element_type=\"widget\" data-widget_type=\"text-editor.default\">\n\t\t\t\t<div class=\"elementor-widget-container\">\n\t\t\t\t\t\t\t\t\t<p><strong>Notre protestation n&rsquo;a jamais \u00e9t\u00e9 aussi importante qu&rsquo;aujourd&rsquo;hui. Parce qu&rsquo;avec les prochaines \u00e9lections l\u00e9gislatives d&rsquo;octobre, nous sommes confront\u00e9s \u00e0 un v\u00e9ritable choix du destin. Le prochain Parlement d\u00e9cidera de notre avenir \u2013 et de celui de toutes les g\u00e9n\u00e9rations \u00e0 venir.<\/strong><\/p>\t\t\t\t\t\t\t\t<\/div>\n\t\t\t\t<\/div>\n\t\t\t\t\t<\/div>\n\t\t<\/div>\n\t\t\t\t\t<\/div>\n\t\t<\/section>\n\t\t\t\t<section class=\"elementor-section elementor-top-section elementor-element elementor-element-48d89827 elementor-section-boxed elementor-section-height-default elementor-section-height-default\" data-id=\"48d89827\" data-element_type=\"section\" id=\"article-content\">\n\t\t\t\t\t\t<div class=\"elementor-container elementor-column-gap-default\">\n\t\t\t\t\t<div class=\"elementor-column elementor-col-50 elementor-top-column elementor-element elementor-element-5b291c43\" data-id=\"5b291c43\" data-element_type=\"column\">\n\t\t\t<div class=\"elementor-widget-wrap elementor-element-populated\">\n\t\t\t\t\t\t<div class=\"elementor-element elementor-element-4ee70217 elementor-widget elementor-widget-text-editor\" data-id=\"4ee70217\" data-element_type=\"widget\" data-widget_type=\"text-editor.default\">\n\t\t\t\t<div class=\"elementor-widget-container\">\n\t\t\t\t\t\t\t\t\t<p>Le Conseil f\u00e9d\u00e9ral et le Parlement n&rsquo;ont pas accord\u00e9 suffisamment de priorit\u00e9 \u00e0 la protection du climat au cours des derni\u00e8res ann\u00e9es. Cela me met en col\u00e8re. Mais maintenant,\u00a0<b>nous avons un levier puissant : le bulletin de vote<\/b>.<\/p><p>Les \u00e9lections au Conseil national et au Conseil des Etats du 22 octobre repr\u00e9sentent une chance historique. Et nous devons les utiliser ! C&rsquo;est pourquoi\u00a0<b>nous appelons \u00e0 une grande manifestation pour le climat le 30 septembre, juste au moment o\u00f9 les bulletins de vote arriveront<\/b>. \u00c0 la une, \u00e0 la radio, \u00e0 la t\u00e9l\u00e9vision : au niveau national, nous faisons de notre protestation le sujet num\u00e9ro un. Ainsi, nous atteignons les \u00e9lecteur\u00b7rice\u00b7s au bon moment \u2013 et les gagnons \u00e0 la cause de la protection du climat.<\/p><p>Nous n&rsquo;y arriverons que si des dizaines de milliers de personnes descendent dans la rue le 30 septembre. Pour ce faire, nous pr\u00e9voyons une campagne d&rsquo;un genre particulier :\u00a0<b>une campagne publicitaire sur des porte-bagages de v\u00e9lo<\/b>. Sur des centaines de coffres \u00e0 bagages imprim\u00e9s, nous appellerons \u00e0 la manifestation pour le climat. Ils seront vus par des dizaines de milliers d&rsquo;autres cyclistes et donc par des personnes qui se mobilisent particuli\u00e8rement bien pour la manifestation. Nous compl\u00e9terons la campagne v\u00e9lo avec\u00a0<b>des publicit\u00e9s sur les r\u00e9seaux sociaux<\/b>. Nous pouvons \u00e9galement les pr\u00e9senter sp\u00e9cifiquement \u00e0 notre groupe cible. La campagne sera donc\u00a0<b>particuli\u00e8rement efficace pour mobiliser les gens en faveur de la manifestation<\/b>.<\/p>\t\t\t\t\t\t\t\t<\/div>\n\t\t\t\t<\/div>\n\t\t\t\t\t<\/div>\n\t\t<\/div>\n\t\t\t\t<div class=\"elementor-column elementor-col-50 elementor-top-column elementor-element elementor-element-5ba99d14\" data-id=\"5ba99d14\" data-element_type=\"column\">\n\t\t\t<div class=\"elementor-widget-wrap elementor-element-populated\">\n\t\t\t\t\t\t<div class=\"elementor-element elementor-element-5b21ca2f elementor-widget elementor-widget-image\" data-id=\"5b21ca2f\" data-element_type=\"widget\" data-widget_type=\"image.default\">\n\t\t\t\t<div class=\"elementor-widget-container\">\n\t\t\t\t\t\t\t\t\t\t\t\t<figure class=\"wp-caption\">\n\t\t\t\t\t\t\t\t\t\t<img decoding=\"async\" width=\"768\" height=\"545\" data-src=\"https:\/\/campax.org\/wp-content\/uploads\/2023\/07\/Klimademo-Workingbicycle-Mockup-2-768x545.png\" class=\"attachment-medium_large size-medium_large wp-image-38633 lazyload\" alt=\"Klimademo 30.9.2023.Plakat an Gep\u00e4cktr\u00e4ger\" data-srcset=\"https:\/\/campax.org\/wp-content\/uploads\/2023\/07\/Klimademo-Workingbicycle-Mockup-2-768x545.png 768w, https:\/\/campax.org\/wp-content\/uploads\/2023\/07\/Klimademo-Workingbicycle-Mockup-2-300x213.png 300w, https:\/\/campax.org\/wp-content\/uploads\/2023\/07\/Klimademo-Workingbicycle-Mockup-2-1024x726.png 1024w, https:\/\/campax.org\/wp-content\/uploads\/2023\/07\/Klimademo-Workingbicycle-Mockup-2-1536x1090.png 1536w, https:\/\/campax.org\/wp-content\/uploads\/2023\/07\/Klimademo-Workingbicycle-Mockup-2.png 1748w\" data-sizes=\"(max-width: 768px) 100vw, 768px\" src=\"data:image\/svg+xml;base64,PHN2ZyB3aWR0aD0iMSIgaGVpZ2h0PSIxIiB4bWxucz0iaHR0cDovL3d3dy53My5vcmcvMjAwMC9zdmciPjwvc3ZnPg==\" style=\"--smush-placeholder-width: 768px; --smush-placeholder-aspect-ratio: 768\/545;\" \/>\t\t\t\t\t\t\t\t\t\t\t<figcaption class=\"widget-image-caption wp-caption-text\">Bien s\u00fbr, cette grande campagne n'est pas gratuite. La publicit\u00e9 pour le v\u00e9lo co\u00fbte 7 980 francs et pour les annonces sur les r\u00e9seaux sociaux nous avons 4 000 francs de budget. \u00c0 cela s'ajoutent diverses d\u00e9penses telles que le travail des graphistes. Vous voyez, cela fait beaucoup de choses. C'est pourquoi je vous demande Stefan de nous soutenir. Avec votre don, rendez possible cette manifestation pour le climat si importante juste avant les \u00e9lections. Avec 5 francs, vous faites d\u00e9j\u00e0 une grande diff\u00e9rence !<\/figcaption>\n\t\t\t\t\t\t\t\t\t\t<\/figure>\n\t\t\t\t\t\t\t\t\t<\/div>\n\t\t\t\t<\/div>\n\t\t\t\t\t<\/div>\n\t\t<\/div>\n\t\t\t\t\t<\/div>\n\t\t<\/section>\n\t\t\t\t<section class=\"elementor-section elementor-top-section elementor-element elementor-element-5b974298 elementor-section-boxed elementor-section-height-default elementor-section-height-default\" data-id=\"5b974298\" data-element_type=\"section\">\n\t\t\t\t\t\t<div class=\"elementor-container elementor-column-gap-default\">\n\t\t\t\t\t<div class=\"elementor-column elementor-col-100 elementor-top-column elementor-element elementor-element-43357cfe\" data-id=\"43357cfe\" data-element_type=\"column\">\n\t\t\t<div class=\"elementor-widget-wrap elementor-element-populated\">\n\t\t\t\t\t\t<div class=\"elementor-element elementor-element-57d5e4c4 elementor-widget elementor-widget-text-editor\" data-id=\"57d5e4c4\" data-element_type=\"widget\" data-widget_type=\"text-editor.default\">\n\t\t\t\t<div class=\"elementor-widget-container\">\n\t\t\t\t\t\t\t\t\t<p><b>La pand\u00e9mie de coronavirus a frein\u00e9 notre protestation dans la rue. Mais maintenant, notre mouvement est de retour<\/b>\u00a0\u2013 et nous avons une mission : lancer une \u00e9norme manifestation pour le climat juste avant les \u00e9lections ! Pour cela, nous devons faire beaucoup d&rsquo;efforts. Veuillez faire un don maintenant pour la manifestation pour le climat et faites ainsi partie du plus grand mouvement pour le climat jamais vu !<\/p>\t\t\t\t\t\t\t\t<\/div>\n\t\t\t\t<\/div>\n\t\t\t\t\t<\/div>\n\t\t<\/div>\n\t\t\t\t\t<\/div>\n\t\t<\/section>\n\t\t\t\t<section class=\"elementor-section elementor-top-section elementor-element elementor-element-684586bd elementor-section-boxed elementor-section-height-default elementor-section-height-default\" data-id=\"684586bd\" data-element_type=\"section\" id=\"donation-box\">\n\t\t\t\t\t\t<div class=\"elementor-container elementor-column-gap-default\">\n\t\t\t\t\t<div class=\"elementor-column elementor-col-100 elementor-top-column elementor-element elementor-element-297aaabc\" data-id=\"297aaabc\" data-element_type=\"column\">\n\t\t\t<div class=\"elementor-widget-wrap elementor-element-populated\">\n\t\t\t\t\t\t<div class=\"elementor-element elementor-element-34b372c2 elementor-align-center elementor-widget elementor-widget-button\" data-id=\"34b372c2\" data-element_type=\"widget\" data-widget_type=\"button.default\">\n\t\t\t\t<div class=\"elementor-widget-container\">\n\t\t\t\t\t\t\t\t\t<div class=\"elementor-button-wrapper\">\n\t\t\t\t\t<a class=\"elementor-button elementor-button-link elementor-size-md\" href=\"https:\/\/donate.campax.org\/fr\/pay?cid=e6b3c09b&#038;donation%5Bpreselect_amount%5D=35\">\n\t\t\t\t\t\t<span class=\"elementor-button-content-wrapper\">\n\t\t\t\t\t\t\t\t\t<span class=\"elementor-button-text\">Oui, je fais un don pour la manifestation pour le climat !<\/span>\n\t\t\t\t\t<\/span>\n\t\t\t\t\t<\/a>\n\t\t\t\t<\/div>\n\t\t\t\t\t\t\t\t<\/div>\n\t\t\t\t<\/div>\n\t\t\t\t<div class=\"elementor-element elementor-element-566f13da elementor-align-center elementor-widget elementor-widget-button\" data-id=\"566f13da\" data-element_type=\"widget\" data-widget_type=\"button.default\">\n\t\t\t\t<div class=\"elementor-widget-container\">\n\t\t\t\t\t\t\t\t\t<div class=\"elementor-button-wrapper\">\n\t\t\t\t\t<a class=\"elementor-button elementor-button-link elementor-size-md\" href=\"https:\/\/mobilisr.campax.org\/fr\/manifestation-nationale-pour-le-climat-le-30-septembre-save-the-date\/\">\n\t\t\t\t\t\t<span class=\"elementor-button-content-wrapper\">\n\t\t\t\t\t\t\t\t\t<span class=\"elementor-button-text\">Non, mais j'envoie un \u00ab R\u00e9servez la date \u00bb \u00e0 3 ami\u00b7e\u00b7s pour la manifestation pour le climat<\/span>\n\t\t\t\t\t<\/span>\n\t\t\t\t\t<\/a>\n\t\t\t\t<\/div>\n\t\t\t\t\t\t\t\t<\/div>\n\t\t\t\t<\/div>\n\t\t\t\t\t<\/div>\n\t\t<\/div>\n\t\t\t\t\t<\/div>\n\t\t<\/section>\n\t\t\t\t<\/div>\n\t\t","protected":false},"excerpt":{"rendered":"<p>Notre protestation n&rsquo;a jamais \u00e9t\u00e9 aussi importante qu&rsquo;aujourd&rsquo;hui. Parce qu&rsquo;avec les prochaines \u00e9lections l\u00e9gislatives d&rsquo;octobre, nous sommes confront\u00e9s \u00e0 un v\u00e9ritable choix du destin. Le prochain Parlement d\u00e9cidera de notre avenir \u2013 et de celui de toutes les g\u00e9n\u00e9rations \u00e0 venir. Le Conseil f\u00e9d\u00e9ral et le Parlement n&rsquo;ont pas accord\u00e9 suffisamment de priorit\u00e9 \u00e0 la [&hellip;]<\/p>\n","protected":false},"author":20,"featured_media":38633,"comment_status":"closed","ping_status":"open","sticky":false,"template":"","format":"standard","meta":{"_acf_changed":false,"footnotes":""},"categories":[63,68,65],"tags":[],"class_list":["post-38508","post","type-post","status-publish","format-standard","has-post-thumbnail","hentry","category-campax-fr","category-clima-fr","category-news-fr"],"acf":[],"publishpress_future_action":{"enabled":false,"date":"2026-08-05 09:30:48","action":"change-status","newStatus":"draft","terms":[],"taxonomy":"category","extraData":[]},"publishpress_future_workflow_manual_trigger":{"enabledWorkflows":[]},"_links":{"self":[{"href":"https:\/\/campax.org\/fr\/wp-json\/wp\/v2\/posts\/38508","targetHints":{"allow":["GET"]}}],"collection":[{"href":"https:\/\/campax.org\/fr\/wp-json\/wp\/v2\/posts"}],"about":[{"href":"https:\/\/campax.org\/fr\/wp-json\/wp\/v2\/types\/post"}],"author":[{"embeddable":true,"href":"https:\/\/campax.org\/fr\/wp-json\/wp\/v2\/users\/20"}],"replies":[{"embeddable":true,"href":"https:\/\/campax.org\/fr\/wp-json\/wp\/v2\/comments?post=38508"}],"version-history":[{"count":0,"href":"https:\/\/campax.org\/fr\/wp-json\/wp\/v2\/posts\/38508\/revisions"}],"wp:featuredmedia":[{"embeddable":true,"href":"https:\/\/campax.org\/fr\/wp-json\/wp\/v2\/media\/38633"}],"wp:attachment":[{"href":"https:\/\/campax.org\/fr\/wp-json\/wp\/v2\/media?parent=38508"}],"wp:term":[{"taxonomy":"category","embeddable":true,"href":"https:\/\/campax.org\/fr\/wp-json\/wp\/v2\/categories?post=38508"},{"taxonomy":"post_tag","embeddable":true,"href":"https:\/\/campax.org\/fr\/wp-json\/wp\/v2\/tags?post=38508"}],"curies":[{"name":"wp","href":"https:\/\/api.w.org\/{rel}","templated":true}]}}