{"id":64,"count":6,"description":"Le th\u00e8me 'fuite &amp; asile' marque notre soci\u00e9t\u00e9 et il est n\u00e9cessaire de s'engager pour l'acceptation et contre la discrimination, le racisme syst\u00e9mique et l'indiff\u00e9rence.\r\nLa communaut\u00e9 Campax s'engage par diff\u00e9rents moyens d\u00e9mocratiques pour cr\u00e9er une solidarit\u00e9 avec ceux qui sont souvent marginalis\u00e9s : Des collectes de signatures, des actions et d'autres moyens permettent d'augmenter la pression sur les politiques dans le but d'am\u00e9liorer le syst\u00e8me migratoire actuel, voire de le surmonter.","link":"https:\/\/campax.org\/fr\/category\/themes\/fuite-et-asile-fr\/","name":"Fuite et asile","slug":"fuite-et-asile-fr","taxonomy":"category","parent":71,"meta":[],"acf":[],"_links":{"self":[{"href":"https:\/\/campax.org\/fr\/wp-json\/wp\/v2\/categories\/64","targetHints":{"allow":["GET"]}}],"collection":[{"href":"https:\/\/campax.org\/fr\/wp-json\/wp\/v2\/categories"}],"about":[{"href":"https:\/\/campax.org\/fr\/wp-json\/wp\/v2\/taxonomies\/category"}],"up":[{"embeddable":true,"href":"https:\/\/campax.org\/fr\/wp-json\/wp\/v2\/categories\/71"}],"wp:post_type":[{"href":"https:\/\/campax.org\/fr\/wp-json\/wp\/v2\/posts?categories=64"},{"href":"https:\/\/campax.org\/fr\/wp-json\/wp\/v2\/pages?categories=64"}],"curies":[{"name":"wp","href":"https:\/\/api.w.org\/{rel}","templated":true}]}}