{"id":73791,"date":"2026-04-30T15:07:47","date_gmt":"2026-04-30T14:07:47","guid":{"rendered":"https:\/\/campax.org\/?p=73791"},"modified":"2026-04-30T15:41:05","modified_gmt":"2026-04-30T14:41:05","slug":"nein-zur-chaos-initiative-am-14-juni","status":"publish","type":"post","link":"https:\/\/campax.org\/de\/nein-zur-chaos-initiative-am-14-juni\/","title":{"rendered":"NEIN zur Chaos-Initiative am 14. Juni!"},"content":{"rendered":"\t\t<div data-elementor-type=\"wp-post\" data-elementor-id=\"73791\" class=\"elementor elementor-73791\" data-elementor-post-type=\"post\">\n\t\t\t\t\t\t<section class=\"elementor-section elementor-top-section elementor-element elementor-element-aa91591 elementor-section-boxed elementor-section-height-default elementor-section-height-default\" data-id=\"aa91591\" data-element_type=\"section\">\n\t\t\t\t\t\t<div class=\"elementor-container elementor-column-gap-default\">\n\t\t\t\t\t<div class=\"elementor-column elementor-col-100 elementor-top-column elementor-element elementor-element-02bd40c\" data-id=\"02bd40c\" data-element_type=\"column\">\n\t\t\t<div class=\"elementor-widget-wrap elementor-element-populated\">\n\t\t\t\t\t\t<div class=\"elementor-element elementor-element-042cc9d elementor-widget elementor-widget-image\" data-id=\"042cc9d\" data-element_type=\"widget\" data-widget_type=\"image.default\">\n\t\t\t\t<div class=\"elementor-widget-container\">\n\t\t\t\t\t\t\t\t\t\t\t\t\t\t\t\t<a href=\"https:\/\/mobilisr.campax.org\/de\" target=\"_blank\">\n\t\t\t\t\t\t\t<img decoding=\"async\" width=\"725\" height=\"300\" data-src=\"https:\/\/campax.org\/wp-content\/uploads\/2026\/04\/1-1.png\" class=\"attachment-large size-large wp-image-73801 lazyload\" alt=\"\" data-srcset=\"https:\/\/campax.org\/wp-content\/uploads\/2026\/04\/1-1.png 725w, https:\/\/campax.org\/wp-content\/uploads\/2026\/04\/1-1-300x124.png 300w\" data-sizes=\"(max-width: 725px) 100vw, 725px\" src=\"data:image\/svg+xml;base64,PHN2ZyB3aWR0aD0iMSIgaGVpZ2h0PSIxIiB4bWxucz0iaHR0cDovL3d3dy53My5vcmcvMjAwMC9zdmciPjwvc3ZnPg==\" style=\"--smush-placeholder-width: 725px; --smush-placeholder-aspect-ratio: 725\/300;\" \/>\t\t\t\t\t\t\t\t<\/a>\n\t\t\t\t\t\t\t\t\t\t\t\t\t\t\t<\/div>\n\t\t\t\t<\/div>\n\t\t\t\t\t<\/div>\n\t\t<\/div>\n\t\t\t\t\t<\/div>\n\t\t<\/section>\n\t\t\t\t<section class=\"elementor-section elementor-top-section elementor-element elementor-element-ee1c9d5 elementor-section-boxed elementor-section-height-default elementor-section-height-default\" data-id=\"ee1c9d5\" data-element_type=\"section\">\n\t\t\t\t\t\t<div class=\"elementor-container elementor-column-gap-default\">\n\t\t\t\t\t<div class=\"elementor-column elementor-col-100 elementor-top-column elementor-element elementor-element-6bcbeef\" data-id=\"6bcbeef\" data-element_type=\"column\">\n\t\t\t<div class=\"elementor-widget-wrap elementor-element-populated\">\n\t\t\t\t\t\t<div class=\"elementor-element elementor-element-2b83a56 elementor-widget__width-initial elementor-widget elementor-widget-text-editor\" data-id=\"2b83a56\" data-element_type=\"widget\" data-widget_type=\"text-editor.default\">\n\t\t\t\t<div class=\"elementor-widget-container\">\n\t\t\t\t\t\t\t\t\t<p><strong>Campax engagiert sich gegen die Initiative \u00abKeine 10-Millionen-Schweiz! (Nachhaltigkeitsinitiative)\u00bb, auch \u00abChaos-Initiative\u00bb genannt<\/strong>. Diese fordert, dass die st\u00e4ndige Wohnbev\u00f6lkerung der Schweiz bis zum Jahr 2050 10 Millionen Menschen nicht \u00fcberschreiten darf.<\/p><p>\u00a0<\/p><p>Die von der SVP vorangetriebene Initiative beruht auf einer tiefgreifenden Ablehnung der Einwanderung, die unter dem Deckmantel von Argumenten der Sicherheit und Ressourcenschonung versteckt wird. <strong>Migrant*innen werden von der Partei als S\u00fcndenb\u00f6cke f\u00fcr alle aktuellen Herausforderungen herangezogen<\/strong> (von der Biodiversit\u00e4tskrise bis zu \u00fcberf\u00fcllten Z\u00fcgen zu Stosszeiten).<\/p><p>\u00a0<\/p><p><strong>Die Initiative l\u00f6st nicht nur keines der genannten Probleme, sondern ihre Annahme h\u00e4tte auch zahlreiche negative Auswirkungen.<\/strong><\/p>\t\t\t\t\t\t\t\t<\/div>\n\t\t\t\t<\/div>\n\t\t\t\t<div class=\"elementor-element elementor-element-def1ca7 elementor-hidden-desktop elementor-hidden-tablet elementor-hidden-mobile elementor-widget elementor-widget-text-editor\" data-id=\"def1ca7\" data-element_type=\"widget\" data-widget_type=\"text-editor.default\">\n\t\t\t\t<div class=\"elementor-widget-container\">\n\t\t\t\t\t\t\t\t\t<p><em>VIDEOS UND SHAREBUTTONS<\/em><\/p>\t\t\t\t\t\t\t\t<\/div>\n\t\t\t\t<\/div>\n\t\t\t\t<div class=\"elementor-element elementor-element-7e57611 elementor-hidden-desktop elementor-hidden-tablet elementor-hidden-mobile elementor-widget elementor-widget-html\" data-id=\"7e57611\" data-element_type=\"widget\" data-widget_type=\"html.default\">\n\t\t\t\t<div class=\"elementor-widget-container\">\n\t\t\t\t\t<!DOCTYPE html>\n<html lang=\"de\">\n<head>\n<meta charset=\"UTF-8\">\n<link href=\"https:\/\/fonts.googleapis.com\/css2?family=Montserrat:wght@400;600&display=swap\" rel=\"stylesheet\">\n\n<style>\n  body {\n    font-family: 'Montserrat', sans-serif;\n  }\n\n  .icon-btn {\n    width: 48px;\n    height: 48px;\n    border-radius: 50%;\n    display: inline-flex;\n    align-items: center;\n    justify-content: center;\n    margin: 6px;\n    text-decoration: none; \/* Entfernt Unterstriche bei Links *\/\n    transition: opacity 0.2s;\n  }\n\n  .icon-btn:hover {\n    opacity: 0.9;\n  }\n\n  .icon-btn svg {\n    width: 26px;\n    height: 26px;\n  }\n\n  \/* Farben *\/\n  .facebook  { background-color: #1877F2; }\n  .instagram { background: radial-gradient(circle at 30% 30%, #fdf497 0%, #fd5949 45%, #d6249f 60%, #285AEB 90%); }\n  .whatsapp  { background-color: #25D366; }\n  .email     { background-color: #555; }\n<\/style>\n<\/head>\n\n<body>\n\n<a class=\"icon-btn facebook\" href=\"https:\/\/www.facebook.com\/sharer\/sharer.php?u=https:\/\/www.facebook.com\/share\/r\/1AkexbXCiV\/\" target=\"_blank\" title=\"Auf Facebook teilen\" rel=\"noopener\">\n   <svg fill=\"#FFFFFF\" viewBox=\"0 0 24 24\">\n     <path d=\"M22 12a10 10 0 1 0-11.5 9.9v-7h-2v-3h2v-2.3c0-2 1.2-3.1 3-3.1.9 0 1.8.1 1.8.1v2h-1c-1 0-1.3.6-1.3 1.2V12h2.6l-.4 3h-2.2v7A10 10 0 0 0 22 12\"\/>\n   <\/svg>\n<\/a>\n\n<a class=\"icon-btn instagram\" href=\"https:\/\/www.instagram.com\/p\/DUtA_tQgU0p\/\" target=\"_blank\" title=\"Auf Instagram ansehen\" rel=\"noopener\">\n   <svg fill=\"#FFFFFF\" viewBox=\"0 0 24 24\">\n       <path d=\"M7 2C4.2 2 2 4.2 2 7v10c0 2.8 2.2 5 5 5h10c2.8 0 5-2.2 5-5V7c0-2.8-2.2-5-5-5H7zm10 2c1.7 0 3 1.3 3 3v10c0 1.7-1.3 3-3 3H7c-1.7 0-3-1.3-3-3V7c0-1.7 1.3-3 3-3h10zm-5 3.5A5.5 5.5 0 1 0 17.5 13 5.5 5.5 0 0 0 12 7.5zm0 9A3.5 3.5 0 1 1 15.5 13 3.5 3.5 0 0 1 12 16.5zM18 6.2a1.3 1.3 0 1 1-1.3-1.3A1.3 1.3 0 0 1 18 6.2z\"\/>\n   <\/svg>\n<\/a>\n\n<a class=\"icon-btn whatsapp\" href=\"https:\/\/wa.me\/?text=Bitte%20stimm%20am%208.%20M%C3%A4rz%20NEIN%20zur%20Halbierungsinitiative!%0A%0A-%20F%C3%BCr%20unabh%C3%A4ngige%20Informationen%2C%20frei%20von%20politischen%20und%20wirtschaftlichen%20Interessen.%0A-%20F%C3%BCr%20gepr%C3%BCfte%20Fakten%20statt%20Fakenews%20und%20Desinformation.%0A-%20F%C3%BCr%20ein%20breites%20Angebot%20in%20den%20Randregionen%20und%20die%20Unterst%C3%BCtzung%20unserer%20Landessprachen%20%26%20Kultur.%0A%0AHier%20findest%20du%20mehr%20Infos%3A%20https%3A%2F%2Fcampax.org%2Fde%2Fnein-zur-halbierungsinitiative-am-8-maerz%2F\" target=\"_blank\" title=\"Per WhatsApp teilen\">\n   <svg viewBox=\"0 0 32 32\" fill=\"#FFFFFF\">\n     <path d=\"M16.004 3.002c-7.167 0-12.998 5.832-12.998 13 0 2.287.6 4.52 1.741 6.49L3 29l6.676-1.742c1.91 1.046 4.06 1.594 6.328 1.594h.001c7.168 0 13.001-5.832 13.001-13s-5.833-12.998-13.002-12.998zm0 23.669h-.001c-1.982 0-3.916-.532-5.606-1.537l-.402-.239-3.962 1.034 1.057-3.86-.262-.397a10.38 10.38 0 0 1-1.61-5.574c0-5.73 4.662-10.392 10.392-10.392 5.73 0 10.393 4.662 10.393 10.392 0 5.73-4.662 10.392-10.391 10.392zm5.647-7.777c-.308-.154-1.82-.897-2.102-.997-.282-.103-.487-.154-.692.154-.205.308-.794.997-.974 1.202-.18.205-.359.231-.667.077-.308-.154-1.301-.48-2.478-1.53-.916-.817-1.535-1.828-1.715-2.136-.18-.308-.019-.474.135-.628.138-.137.308-.359.462-.539.154-.18.205-.308.308-.513.103-.205.051-.385-.026-.539-.077-.154-.692-1.667-.948-2.283-.25-.6-.503-.52-.692-.53a1.32 1.32 0 0 0-.564.026c-.18.051-.487.18-.743.462-.256.282-.974.95-.974 2.308 0 1.359.999 2.667 1.138 2.854.154.205 2.025 3.087 4.91 4.326.686.296 1.221.472 1.637.604.687.218 1.312.187 1.805.113.551-.082 1.82-.744 2.078-1.462.256-.718.256-1.333.18-1.462-.077-.128-.282-.205-.59-.359z\"\/>\n   <\/svg>\n<\/a>\n\n<a class=\"icon-btn email\"\n   href=\"mailto:?subject=NEIN%20zur%20Halbierungsinitiative%20am%208.%20M%C3%A4rz&body=Bitte%20stimm%20am%208.%20M%C3%A4rz%20NEIN%20zur%20Halbierungsinitiative!%0A%0A-%20F%C3%BCr%20unabh%C3%A4ngige%20Informationen%2C%20frei%20von%20politischen%20und%20wirtschaftlichen%20Interessen.%0A-%20F%C3%BCr%20gepr%C3%BCfte%20Fakten%20statt%20Fakenews%20und%20Desinformation.%0A-%20F%C3%BCr%20ein%20breites%20Angebot%20in%20den%20Randregionen%20und%20die%20Unterst%C3%BCtzung%20unserer%20Landessprachen%20%26%20Kultur.%0A%0AHier%20findest%20du%20mehr%20Infos%3A%20https%3A%2F%2Fcampax.org%2Fde%2Fnein-zur-halbierungsinitiative-am-8-maerz%2F\"\n   title=\"Per E-Mail senden\">\n   <svg fill=\"#FFFFFF\" viewBox=\"0 0 24 24\">\n     <path d=\"M4 4h16a2 2 0 0 1 2 2v12a2 2 0 0 1-2 2H4a2 2 0 0 1-2-2V6a2 2 0 0 1 2-2zm8 7 8-5H4l8 5zm0 2-8-5v10h16V8l-8 5z\"\/>\n   <\/svg>\n<\/a>\n\n<\/body>\n<\/html>\t\t\t\t<\/div>\n\t\t\t\t<\/div>\n\t\t\t\t<div class=\"elementor-element elementor-element-5342079 elementor-hidden-desktop elementor-hidden-tablet elementor-hidden-mobile elementor-widget elementor-widget-html\" data-id=\"5342079\" data-element_type=\"widget\" data-widget_type=\"html.default\">\n\t\t\t\t<div class=\"elementor-widget-container\">\n\t\t\t\t\t<!DOCTYPE html>\n<html lang=\"de\">\n<head>\n<meta charset=\"UTF-8\">\n<link href=\"https:\/\/fonts.googleapis.com\/css2?family=Montserrat:wght@400;600&display=swap\" rel=\"stylesheet\">\n<style>\n  .share-all-button {\n    display: inline-flex;\n    align-items: center;\n    justify-content: center; \/* Zentriert Inhalt bei 100% Breite *\/\n    gap: 8px;\n    padding: 12px 20px;\n    \n    \/* Deine Farbe #C4541C *\/\n    background-color: #C4541C; \n    color: white;\n    \n    \/* Breite auf 100% der Seite *\/\n    width: 100%;\n    box-sizing: border-box; \/* Wichtig, damit Padding die 100% nicht sprengt *\/\n    \n    font-family: 'Montserrat', sans-serif;\n    font-weight: 600;\n    border: none;\n    border-radius: 8px;\n    cursor: pointer;\n    transition: all 0.2s ease-in-out;\n  }\n\n  .share-all-button:hover {\n    filter: brightness(1.1);\n    transform: scale(1.01); \/* Kleinerer Scale-Effekt, da er bei 100% sonst unruhig wirkt *\/\n  }\n\n  .share-all-button svg {\n    width: 20px;\n    height: 20px;\n  }\n\n  \/* Feedback-Farbe f\u00fcr Desktop nach dem Kopieren *\/\n  .share-all-button.copied {\n    background-color: #28a745; \n  }\n<\/style>\n<\/head>\n<body>\n\n<button class=\"share-all-button\" id=\"shareBtn\" onclick=\"shareLink()\">\n  <svg id=\"shareIcon\" viewBox=\"0 0 24 24\" fill=\"white\">\n    <path d=\"M18 16.08c-.76 0-1.44.3-1.96.77L8.91 12.7c.05-.23.09-.46.09-.7s-.03-.47-.09-.7l7.05-4.11c.53.5 1.23.81 2.04.81 1.66 0 3-1.34 3-3s-1.34-3-3-3-3 1.34-3 3c0 .24.04.47.09.7L8.04 9.81C7.5 9.31 6.8 9 6 9 4.34 9 3 10.34 3 12s1.34 3 3 3c.8 0 1.5-.31 2.04-.81l7.05 4.11c-.05.23-.09.46-.09.7 0 1.66 1.34 3 3 3s3-1.34 3-3-1.34-3-3-3z\"\/>\n  <\/svg>\n  <span id=\"shareText\">Auf anderen Plattformen teilen<\/span>\n<\/button>\n\n<script>\nfunction shareLink() {\n  const url = \"https:\/\/campax.org\/de\/nein-zur-halbierungsinitiative-am-8-maerz\/\";\n  const btn = document.getElementById('shareBtn');\n  const btnText = document.getElementById('shareText');\n\n  if (navigator.share) {\n    navigator.share({ \n      title: 'Nein zur Halbierungsinitiative', \n      url: url \n    }).catch((error) => console.log('Teilen abgebrochen', error));\n  } else {\n    navigator.clipboard.writeText(url).then(() => {\n      const originalText = btnText.innerText;\n      btnText.innerText = \"Link kopiert!\";\n      btn.classList.add('copied');\n      \n      setTimeout(() => {\n        btnText.innerText = originalText;\n        btn.classList.remove('copied');\n      }, 2000);\n    }).catch(err => {\n      prompt(\"Kopiere diesen Link:\", url);\n    });\n  }\n}\n<\/script>\n\n<\/body>\n<\/html>\t\t\t\t<\/div>\n\t\t\t\t<\/div>\n\t\t\t\t<div class=\"elementor-element elementor-element-102f9ff elementor-view-default elementor-widget elementor-widget-icon\" data-id=\"102f9ff\" data-element_type=\"widget\" data-widget_type=\"icon.default\">\n\t\t\t\t<div class=\"elementor-widget-container\">\n\t\t\t\t\t\t\t<div class=\"elementor-icon-wrapper\">\n\t\t\t<div class=\"elementor-icon\">\n\t\t\t<i aria-hidden=\"true\" class=\"fas fa-hands-helping\"><\/i>\t\t\t<\/div>\n\t\t<\/div>\n\t\t\t\t\t\t<\/div>\n\t\t\t\t<\/div>\n\t\t\t\t<div class=\"elementor-element elementor-element-7b78eca elementor-widget elementor-widget-heading\" data-id=\"7b78eca\" data-element_type=\"widget\" data-widget_type=\"heading.default\">\n\t\t\t\t<div class=\"elementor-widget-container\">\n\t\t\t\t\t<h2 class=\"elementor-heading-title elementor-size-default\">Die wichtigsten Argumente f\u00fcr ein NEIN:<\/h2>\t\t\t\t<\/div>\n\t\t\t\t<\/div>\n\t\t\t\t<div class=\"elementor-element elementor-element-94fa839 elementor-widget elementor-widget-accordion\" data-id=\"94fa839\" data-element_type=\"widget\" data-widget_type=\"accordion.default\">\n\t\t\t\t<div class=\"elementor-widget-container\">\n\t\t\t\t\t\t\t<div class=\"elementor-accordion\">\n\t\t\t\t\t\t\t<div class=\"elementor-accordion-item\">\n\t\t\t\t\t<h5 id=\"elementor-tab-title-1561\" class=\"elementor-tab-title\" data-tab=\"1\" role=\"button\" aria-controls=\"elementor-tab-content-1561\" aria-expanded=\"false\">\n\t\t\t\t\t\t\t\t\t\t\t\t\t<span class=\"elementor-accordion-icon elementor-accordion-icon-left\" aria-hidden=\"true\">\n\t\t\t\t\t\t\t\t\t\t\t\t\t\t\t<span class=\"elementor-accordion-icon-closed\"><i class=\"fas fa-angle-down\"><\/i><\/span>\n\t\t\t\t\t\t\t\t<span class=\"elementor-accordion-icon-opened\"><i class=\"fas fa-angle-up\"><\/i><\/span>\n\t\t\t\t\t\t\t\t\t\t\t\t\t\t<\/span>\n\t\t\t\t\t\t\t\t\t\t\t\t<a class=\"elementor-accordion-title\" tabindex=\"0\">Auswirkungen auf unsere Beziehungen zur EU<\/a>\n\t\t\t\t\t<\/h5>\n\t\t\t\t\t<div id=\"elementor-tab-content-1561\" class=\"elementor-tab-content elementor-clearfix\" data-tab=\"1\" role=\"region\" aria-labelledby=\"elementor-tab-title-1561\"><p>Das Jahr 2050 erscheint noch weit entfernt. Doch laut Bundesamt f\u00fcr Statistik wird die Schwelle von 9,5 Millionen Einwohner*innen, ab der Massnahmen ergriffen werden m\u00fcssten, bereits 2031 erreicht sein.<\/p><p>\u00a0<\/p><p>Ab diesem Zeitpunkt haben vorl\u00e4ufig Aufgenommene keinen Anspruch mehr auf eine Aufenthaltsbewilligung oder die Einb\u00fcrgerung.<\/p><p>\u00a0<\/p><p>Diese Versch\u00e4rfung der Einwanderungspolitik bedeutet das <strong>Ende der Abkommen \u00fcber den freien Personenverkehr<\/strong> (Abkommen, die es Schweizer Staatsangeh\u00f6rigen und B\u00fcrgern der EU\/EFTA erm\u00f6glichen, in diesen L\u00e4ndern frei zu leben, zu arbeiten und sich niederzulassen.)<\/p><p>\u00a0<\/p><p>Dies w\u00fcrde die <strong>\u201eGuillotine-Klausel\u201c<\/strong> ausl\u00f6sen: Wird auch nur eines der zentralen bilateralen Abkommen mit der EU gek\u00fcndigt, werden automatisch alle anderen ebenfalls gek\u00fcndigt. Damit w\u00fcrden die <strong>Abkommen \u00fcber den Landverkehr, den Luftverkehr, die Landwirtschaft, die Forschung, die technischen Normen und den Marktzugang hinf\u00e4llig<\/strong>. Die Zusammenarbeit zwischen der Schweiz und der Europ\u00e4ischen Union w\u00e4re somit in vielen Bereichen stark geschw\u00e4cht.<\/p><\/div>\n\t\t\t\t<\/div>\n\t\t\t\t\t\t\t<div class=\"elementor-accordion-item\">\n\t\t\t\t\t<h5 id=\"elementor-tab-title-1562\" class=\"elementor-tab-title\" data-tab=\"2\" role=\"button\" aria-controls=\"elementor-tab-content-1562\" aria-expanded=\"false\">\n\t\t\t\t\t\t\t\t\t\t\t\t\t<span class=\"elementor-accordion-icon elementor-accordion-icon-left\" aria-hidden=\"true\">\n\t\t\t\t\t\t\t\t\t\t\t\t\t\t\t<span class=\"elementor-accordion-icon-closed\"><i class=\"fas fa-angle-down\"><\/i><\/span>\n\t\t\t\t\t\t\t\t<span class=\"elementor-accordion-icon-opened\"><i class=\"fas fa-angle-up\"><\/i><\/span>\n\t\t\t\t\t\t\t\t\t\t\t\t\t\t<\/span>\n\t\t\t\t\t\t\t\t\t\t\t\t<a class=\"elementor-accordion-title\" tabindex=\"0\">Direkte Folgen f\u00fcr Menschen mit Migrationshintergrund<\/a>\n\t\t\t\t\t<\/h5>\n\t\t\t\t\t<div id=\"elementor-tab-content-1562\" class=\"elementor-tab-content elementor-clearfix\" data-tab=\"2\" role=\"region\" aria-labelledby=\"elementor-tab-title-1562\"><p>Das Ende der Personenfreiz\u00fcgigkeit mit der Europ\u00e4ischen Union f\u00fchrt zu einer Versch\u00e4rfung der Bedingungen f\u00fcr das Leben und Arbeiten in der Schweiz: <strong>erschwerte Erlangung von Aufenthaltsbewilligungen, gr\u00f6ssere Unsicherheit f\u00fcr bereits hier lebende Menschen und eine erschwerte berufliche Integration<\/strong>. Eine breite Unterst\u00fctzung der Initiative sendet zudem ein \u00e4usserst negatives Signal an die in der Schweiz lebenden Menschen mit Migrationshintergrund und <strong>schw\u00e4cht den sozialen Zusammenhalt<\/strong>.<\/p><\/div>\n\t\t\t\t<\/div>\n\t\t\t\t\t\t\t<div class=\"elementor-accordion-item\">\n\t\t\t\t\t<h5 id=\"elementor-tab-title-1563\" class=\"elementor-tab-title\" data-tab=\"3\" role=\"button\" aria-controls=\"elementor-tab-content-1563\" aria-expanded=\"false\">\n\t\t\t\t\t\t\t\t\t\t\t\t\t<span class=\"elementor-accordion-icon elementor-accordion-icon-left\" aria-hidden=\"true\">\n\t\t\t\t\t\t\t\t\t\t\t\t\t\t\t<span class=\"elementor-accordion-icon-closed\"><i class=\"fas fa-angle-down\"><\/i><\/span>\n\t\t\t\t\t\t\t\t<span class=\"elementor-accordion-icon-opened\"><i class=\"fas fa-angle-up\"><\/i><\/span>\n\t\t\t\t\t\t\t\t\t\t\t\t\t\t<\/span>\n\t\t\t\t\t\t\t\t\t\t\t\t<a class=\"elementor-accordion-title\" tabindex=\"0\">Wirtschaftliche Folgen<\/a>\n\t\t\t\t\t<\/h5>\n\t\t\t\t\t<div id=\"elementor-tab-content-1563\" class=\"elementor-tab-content elementor-clearfix\" data-tab=\"3\" role=\"region\" aria-labelledby=\"elementor-tab-title-1563\"><p>Strengere Handelsbarrieren erschweren den Zugang zum europ\u00e4ischen Markt und erh\u00f6hen die Kosten f\u00fcr Schweizer Unternehmen, was zu <strong>Einnahmeverlusten<\/strong> f\u00fchrt. Diese haben wiederum <strong>Lohnk\u00fcrzungen, Standortverlagerungen und einen verst\u00e4rkten Mangel an qualifizierten Arbeitskr\u00e4ften<\/strong> in Schl\u00fcsselbranchen wie dem Gesundheitswesen, dem Baugewerbe und der Technologiebranche zur Folge.<\/p><\/div>\n\t\t\t\t<\/div>\n\t\t\t\t\t\t\t<div class=\"elementor-accordion-item\">\n\t\t\t\t\t<h5 id=\"elementor-tab-title-1564\" class=\"elementor-tab-title\" data-tab=\"4\" role=\"button\" aria-controls=\"elementor-tab-content-1564\" aria-expanded=\"false\">\n\t\t\t\t\t\t\t\t\t\t\t\t\t<span class=\"elementor-accordion-icon elementor-accordion-icon-left\" aria-hidden=\"true\">\n\t\t\t\t\t\t\t\t\t\t\t\t\t\t\t<span class=\"elementor-accordion-icon-closed\"><i class=\"fas fa-angle-down\"><\/i><\/span>\n\t\t\t\t\t\t\t\t<span class=\"elementor-accordion-icon-opened\"><i class=\"fas fa-angle-up\"><\/i><\/span>\n\t\t\t\t\t\t\t\t\t\t\t\t\t\t<\/span>\n\t\t\t\t\t\t\t\t\t\t\t\t<a class=\"elementor-accordion-title\" tabindex=\"0\">Soziale Folgen<\/a>\n\t\t\t\t\t<\/h5>\n\t\t\t\t\t<div id=\"elementor-tab-content-1564\" class=\"elementor-tab-content elementor-clearfix\" data-tab=\"4\" role=\"region\" aria-labelledby=\"elementor-tab-title-1564\"><p>Weniger Erwerbst\u00e4tige bedeuten <strong>weniger Einnahmen f\u00fcr unsere Sozialversicherungen (AHV\/IV)<\/strong>.<\/p><p>Zudem spielt die Zuwanderung angesichts der alternden Bev\u00f6lkerung derzeit eine regulierende Rolle f\u00fcr die Bev\u00f6lkerungsentwicklung. Ein R\u00fcckgang der Erwerbsbev\u00f6lkerung gef\u00e4hrdet das f\u00fcr die Zahlung der Renten von morgen notwendige finanzielle Gleichgewicht.<\/p><\/div>\n\t\t\t\t<\/div>\n\t\t\t\t\t\t\t<div class=\"elementor-accordion-item\">\n\t\t\t\t\t<h5 id=\"elementor-tab-title-1565\" class=\"elementor-tab-title\" data-tab=\"5\" role=\"button\" aria-controls=\"elementor-tab-content-1565\" aria-expanded=\"false\">\n\t\t\t\t\t\t\t\t\t\t\t\t\t<span class=\"elementor-accordion-icon elementor-accordion-icon-left\" aria-hidden=\"true\">\n\t\t\t\t\t\t\t\t\t\t\t\t\t\t\t<span class=\"elementor-accordion-icon-closed\"><i class=\"fas fa-angle-down\"><\/i><\/span>\n\t\t\t\t\t\t\t\t<span class=\"elementor-accordion-icon-opened\"><i class=\"fas fa-angle-up\"><\/i><\/span>\n\t\t\t\t\t\t\t\t\t\t\t\t\t\t<\/span>\n\t\t\t\t\t\t\t\t\t\t\t\t<a class=\"elementor-accordion-title\" tabindex=\"0\">Folgen f\u00fcr das Asylwesen<\/a>\n\t\t\t\t\t<\/h5>\n\t\t\t\t\t<div id=\"elementor-tab-content-1565\" class=\"elementor-tab-content elementor-clearfix\" data-tab=\"5\" role=\"region\" aria-labelledby=\"elementor-tab-title-1565\"><p>Auch die Assoziierung der Schweiz an die Schengen- und Dublin-Abkommen ist gef\u00e4hrdet. Das Ende dieser Abkommen zwingt die Schweiz, die <strong>Bearbeitung aller Asylgesuche allein zu \u00fcbernehmen<\/strong>. Also auch jener, die bereits anderswo bearbeitet wurden und ohne die M\u00f6glichkeit einer R\u00fcck\u00fcberweisung in andere europ\u00e4ische L\u00e4nder.<\/p><p>Entsprechend k\u00e4me es zu einer <strong>\u00dcberlastung des Asylsystems<\/strong> und zu starken Druck auf die administrativen Ressourcen von Bund und Kantonen.<\/p><\/div>\n\t\t\t\t<\/div>\n\t\t\t\t\t\t\t\t\t\t<script type=\"application\/ld+json\">{\"@context\":\"https:\\\/\\\/schema.org\",\"@type\":\"FAQPage\",\"mainEntity\":[{\"@type\":\"Question\",\"name\":\"Auswirkungen auf unsere Beziehungen zur EU\",\"acceptedAnswer\":{\"@type\":\"Answer\",\"text\":\"<p>Das Jahr 2050 erscheint noch weit entfernt. Doch laut Bundesamt f\\u00fcr Statistik wird die Schwelle von 9,5 Millionen Einwohner*innen, ab der Massnahmen ergriffen werden m\\u00fcssten, bereits 2031 erreicht sein.<\\\/p><p>\\u00a0<\\\/p><p>Ab diesem Zeitpunkt haben vorl\\u00e4ufig Aufgenommene keinen Anspruch mehr auf eine Aufenthaltsbewilligung oder die Einb\\u00fcrgerung.<\\\/p><p>\\u00a0<\\\/p><p>Diese Versch\\u00e4rfung der Einwanderungspolitik bedeutet das <strong>Ende der Abkommen \\u00fcber den freien Personenverkehr<\\\/strong> (Abkommen, die es Schweizer Staatsangeh\\u00f6rigen und B\\u00fcrgern der EU\\\/EFTA erm\\u00f6glichen, in diesen L\\u00e4ndern frei zu leben, zu arbeiten und sich niederzulassen.)<\\\/p><p>\\u00a0<\\\/p><p>Dies w\\u00fcrde die <strong>\\u201eGuillotine-Klausel\\u201c<\\\/strong> ausl\\u00f6sen: Wird auch nur eines der zentralen bilateralen Abkommen mit der EU gek\\u00fcndigt, werden automatisch alle anderen ebenfalls gek\\u00fcndigt. Damit w\\u00fcrden die <strong>Abkommen \\u00fcber den Landverkehr, den Luftverkehr, die Landwirtschaft, die Forschung, die technischen Normen und den Marktzugang hinf\\u00e4llig<\\\/strong>. Die Zusammenarbeit zwischen der Schweiz und der Europ\\u00e4ischen Union w\\u00e4re somit in vielen Bereichen stark geschw\\u00e4cht.<\\\/p>\"}},{\"@type\":\"Question\",\"name\":\"Direkte Folgen f\\u00fcr Menschen mit Migrationshintergrund\",\"acceptedAnswer\":{\"@type\":\"Answer\",\"text\":\"<p>Das Ende der Personenfreiz\\u00fcgigkeit mit der Europ\\u00e4ischen Union f\\u00fchrt zu einer Versch\\u00e4rfung der Bedingungen f\\u00fcr das Leben und Arbeiten in der Schweiz: <strong>erschwerte Erlangung von Aufenthaltsbewilligungen, gr\\u00f6ssere Unsicherheit f\\u00fcr bereits hier lebende Menschen und eine erschwerte berufliche Integration<\\\/strong>. Eine breite Unterst\\u00fctzung der Initiative sendet zudem ein \\u00e4usserst negatives Signal an die in der Schweiz lebenden Menschen mit Migrationshintergrund und <strong>schw\\u00e4cht den sozialen Zusammenhalt<\\\/strong>.<\\\/p>\"}},{\"@type\":\"Question\",\"name\":\"Wirtschaftliche Folgen\",\"acceptedAnswer\":{\"@type\":\"Answer\",\"text\":\"<p>Strengere Handelsbarrieren erschweren den Zugang zum europ\\u00e4ischen Markt und erh\\u00f6hen die Kosten f\\u00fcr Schweizer Unternehmen, was zu <strong>Einnahmeverlusten<\\\/strong> f\\u00fchrt. Diese haben wiederum <strong>Lohnk\\u00fcrzungen, Standortverlagerungen und einen verst\\u00e4rkten Mangel an qualifizierten Arbeitskr\\u00e4ften<\\\/strong> in Schl\\u00fcsselbranchen wie dem Gesundheitswesen, dem Baugewerbe und der Technologiebranche zur Folge.<\\\/p>\"}},{\"@type\":\"Question\",\"name\":\"Soziale Folgen\",\"acceptedAnswer\":{\"@type\":\"Answer\",\"text\":\"<p>Weniger Erwerbst\\u00e4tige bedeuten <strong>weniger Einnahmen f\\u00fcr unsere Sozialversicherungen (AHV\\\/IV)<\\\/strong>.<\\\/p><p>Zudem spielt die Zuwanderung angesichts der alternden Bev\\u00f6lkerung derzeit eine regulierende Rolle f\\u00fcr die Bev\\u00f6lkerungsentwicklung. Ein R\\u00fcckgang der Erwerbsbev\\u00f6lkerung gef\\u00e4hrdet das f\\u00fcr die Zahlung der Renten von morgen notwendige finanzielle Gleichgewicht.<\\\/p>\"}},{\"@type\":\"Question\",\"name\":\"Folgen f\\u00fcr das Asylwesen\",\"acceptedAnswer\":{\"@type\":\"Answer\",\"text\":\"<p>Auch die Assoziierung der Schweiz an die Schengen- und Dublin-Abkommen ist gef\\u00e4hrdet. Das Ende dieser Abkommen zwingt die Schweiz, die <strong>Bearbeitung aller Asylgesuche allein zu \\u00fcbernehmen<\\\/strong>. Also auch jener, die bereits anderswo bearbeitet wurden und ohne die M\\u00f6glichkeit einer R\\u00fcck\\u00fcberweisung in andere europ\\u00e4ische L\\u00e4nder.<\\\/p><p>Entsprechend k\\u00e4me es zu einer <strong>\\u00dcberlastung des Asylsystems<\\\/strong> und zu starken Druck auf die administrativen Ressourcen von Bund und Kantonen.<\\\/p>\"}}]}<\/script>\n\t\t\t\t\t<\/div>\n\t\t\t\t\t\t<\/div>\n\t\t\t\t<\/div>\n\t\t\t\t<div class=\"elementor-element elementor-element-f8c4775 elementor-view-default elementor-widget elementor-widget-icon\" data-id=\"f8c4775\" data-element_type=\"widget\" data-widget_type=\"icon.default\">\n\t\t\t\t<div class=\"elementor-widget-container\">\n\t\t\t\t\t\t\t<div class=\"elementor-icon-wrapper\">\n\t\t\t<div class=\"elementor-icon\">\n\t\t\t<i aria-hidden=\"true\" class=\"fas fa-quote-right\"><\/i>\t\t\t<\/div>\n\t\t<\/div>\n\t\t\t\t\t\t<\/div>\n\t\t\t\t<\/div>\n\t\t\t\t<div class=\"elementor-element elementor-element-fd713fb elementor-widget elementor-widget-heading\" data-id=\"fd713fb\" data-element_type=\"widget\" data-widget_type=\"heading.default\">\n\t\t\t\t<div class=\"elementor-widget-container\">\n\t\t\t\t\t<h2 class=\"elementor-heading-title elementor-size-default\">Warum stimmst du gegen die \u00abSVP-Chaos-Initiative\u00bb?<\/h2>\t\t\t\t<\/div>\n\t\t\t\t<\/div>\n\t\t\t\t<div class=\"elementor-element elementor-element-9d681c3 elementor-widget elementor-widget-text-editor\" data-id=\"9d681c3\" data-element_type=\"widget\" data-widget_type=\"text-editor.default\">\n\t\t\t\t<div class=\"elementor-widget-container\">\n\t\t\t\t\t\t\t\t\t<p>Wir haben unsere Community gefragt und hier sind einige Antworten:<\/p>\t\t\t\t\t\t\t\t<\/div>\n\t\t\t\t<\/div>\n\t\t\t\t<div class=\"elementor-element elementor-element-0413a96 elementor-testimonial--skin-bubble elementor-testimonial--layout-image_stacked elementor-testimonial--align-center elementor-arrows-yes elementor-pagination-type-bullets elementor-widget elementor-widget-testimonial-carousel\" data-id=\"0413a96\" data-element_type=\"widget\" data-settings=\"{&quot;slides_per_view&quot;:&quot;1&quot;,&quot;space_between&quot;:{&quot;unit&quot;:&quot;px&quot;,&quot;size&quot;:0,&quot;sizes&quot;:[]},&quot;show_arrows&quot;:&quot;yes&quot;,&quot;pagination&quot;:&quot;bullets&quot;,&quot;speed&quot;:500,&quot;autoplay&quot;:&quot;yes&quot;,&quot;autoplay_speed&quot;:5000,&quot;loop&quot;:&quot;yes&quot;,&quot;pause_on_hover&quot;:&quot;yes&quot;,&quot;pause_on_interaction&quot;:&quot;yes&quot;,&quot;space_between_tablet&quot;:{&quot;unit&quot;:&quot;px&quot;,&quot;size&quot;:10,&quot;sizes&quot;:[]},&quot;space_between_mobile&quot;:{&quot;unit&quot;:&quot;px&quot;,&quot;size&quot;:10,&quot;sizes&quot;:[]}}\" data-widget_type=\"testimonial-carousel.default\">\n\t\t\t\t<div class=\"elementor-widget-container\">\n\t\t\t\t\t\t\t\t\t<div class=\"elementor-swiper\">\n\t\t\t\t\t<div class=\"elementor-main-swiper swiper\" role=\"region\" aria-roledescription=\"carousel\" aria-label=\"Slider\">\n\t\t\t\t<div class=\"swiper-wrapper\">\n\t\t\t\t\t\t\t\t\t\t\t<div class=\"swiper-slide\" role=\"group\" aria-roledescription=\"slide\">\n\t\t\t\t\t\t\t\t\t<div class=\"elementor-testimonial\">\n\t\t\t\t\t\t\t<div class=\"elementor-testimonial__content\">\n\t\t\t\t\t<div class=\"elementor-testimonial__text\">\n\t\t\t\t\t\tIch arbeite mit Migrant*innen, allesamt Gefl\u00fcchtete, und das aus guten Gr\u00fcnden. Auch Sie und ich w\u00fcrden aus \u00e4hnlichen Gr\u00fcnden unser Land verlassen, und zwar immer in der Hoffnung, dorthin zur\u00fcckzukehren. Unter all den Menschen, denen ich bisher begegnet bin, habe ich keinen einzigen getroffen, der ein unversch\u00e4mt hohes Gehalt bezieht, keinen, der ein grosses, umweltsch\u00e4dliches Auto f\u00e4hrt, und keinen, der andere ausbeutet.\t\t\t\t\t<\/div>\n\t\t\t\t\t\t\t\t\t<\/div>\n\t\t\t\t\t\t<div class=\"elementor-testimonial__footer\">\n\t\t\t\t\t\t\t\t<cite class=\"elementor-testimonial__cite\"><span class=\"elementor-testimonial__name\">Agn\u00e8s J.<\/span><\/cite>\t\t\t<\/div>\n\t\t<\/div>\n\t\t\t\t\t\t\t\t<\/div>\n\t\t\t\t\t\t\t\t\t\t\t<div class=\"swiper-slide\" role=\"group\" aria-roledescription=\"slide\">\n\t\t\t\t\t\t\t\t\t<div class=\"elementor-testimonial\">\n\t\t\t\t\t\t\t<div class=\"elementor-testimonial__content\">\n\t\t\t\t\t<div class=\"elementor-testimonial__text\">\n\t\t\t\t\t\tIch werde bald pensioniert. Und ich habe grosse Angst vor diesen Pauschal-Probleml\u00f6sern. Heute sagen sie: 10 Millionen sind genug. Sp\u00e4ter werden wir Alten und Kranken \"Schuld\" sein an den Problemen in der Schweiz. Und es wird heissen: 80 Jahre sind genug! Was werden die mit uns machen?\t\t\t\t\t<\/div>\n\t\t\t\t\t\t\t\t\t<\/div>\n\t\t\t\t\t\t<div class=\"elementor-testimonial__footer\">\n\t\t\t\t\t\t\t\t<cite class=\"elementor-testimonial__cite\"><span class=\"elementor-testimonial__name\">Claudia B.<\/span><\/cite>\t\t\t<\/div>\n\t\t<\/div>\n\t\t\t\t\t\t\t\t<\/div>\n\t\t\t\t\t\t\t\t\t\t\t<div class=\"swiper-slide\" role=\"group\" aria-roledescription=\"slide\">\n\t\t\t\t\t\t\t\t\t<div class=\"elementor-testimonial\">\n\t\t\t\t\t\t\t<div class=\"elementor-testimonial__content\">\n\t\t\t\t\t<div class=\"elementor-testimonial__text\">\n\t\t\t\t\t\tIch habe es satt, als Ausl\u00e4nderin st\u00e4ndig von der SVP als S\u00fcndenbock dargestellt zu werden. Dass ich hier auch Steuern zahle, hart arbeite und mich in meiner Freizeit f\u00fcr das Allgemeinwohl engagiere, ist f\u00fcr diese Partei egal.\t\t\t\t\t<\/div>\n\t\t\t\t\t\t\t\t\t<\/div>\n\t\t\t\t\t\t<div class=\"elementor-testimonial__footer\">\n\t\t\t\t\t\t\t\t<cite class=\"elementor-testimonial__cite\"><span class=\"elementor-testimonial__name\">Ann B.<\/span><\/cite>\t\t\t<\/div>\n\t\t<\/div>\n\t\t\t\t\t\t\t\t<\/div>\n\t\t\t\t\t\t\t\t\t\t\t<div class=\"swiper-slide\" role=\"group\" aria-roledescription=\"slide\">\n\t\t\t\t\t\t\t\t\t<div class=\"elementor-testimonial\">\n\t\t\t\t\t\t\t<div class=\"elementor-testimonial__content\">\n\t\t\t\t\t<div class=\"elementor-testimonial__text\">\n\t\t\t\t\t\t\nIch m\u00f6chte nicht, dass mein Land eine Insel ist, eine abgeschottete Festung, ein egoistisches, verk\u00fcmmertes Land.\t\t\t\t\t<\/div>\n\t\t\t\t\t\t\t\t\t<\/div>\n\t\t\t\t\t\t<div class=\"elementor-testimonial__footer\">\n\t\t\t\t\t\t\t\t<cite class=\"elementor-testimonial__cite\"><span class=\"elementor-testimonial__name\">V\u00e9ronique D.<\/span><\/cite>\t\t\t<\/div>\n\t\t<\/div>\n\t\t\t\t\t\t\t\t<\/div>\n\t\t\t\t\t\t\t\t\t\t\t<div class=\"swiper-slide\" role=\"group\" aria-roledescription=\"slide\">\n\t\t\t\t\t\t\t\t\t<div class=\"elementor-testimonial\">\n\t\t\t\t\t\t\t<div class=\"elementor-testimonial__content\">\n\t\t\t\t\t<div class=\"elementor-testimonial__text\">\n\t\t\t\t\t\tSchau genau hin \u2013 wer pflegt, betreut und operiert? Wer arbeitet in der Spitex und in Pflegeheimen, in Hospizen? Ohne Zuwanderung w\u00fcrde das Gesundheitssystem zusammenbrechen. Ich bin Krankenschwester und fast 70 Jahre und bin gegen die SVP Initiative.\t\t\t\t\t<\/div>\n\t\t\t\t\t\t\t\t\t<\/div>\n\t\t\t\t\t\t<div class=\"elementor-testimonial__footer\">\n\t\t\t\t\t\t\t\t<cite class=\"elementor-testimonial__cite\"><span class=\"elementor-testimonial__name\">B\u00e4rbel G.<\/span><\/cite>\t\t\t<\/div>\n\t\t<\/div>\n\t\t\t\t\t\t\t\t<\/div>\n\t\t\t\t\t\t\t\t\t<\/div>\n\t\t\t\t\t\t\t\t\t\t\t\t\t\t\t<div class=\"elementor-swiper-button elementor-swiper-button-prev\" role=\"button\" tabindex=\"0\" aria-label=\"Voriger\">\n\t\t\t\t\t\t\t<i aria-hidden=\"true\" class=\"eicon-chevron-left\"><\/i>\t\t\t\t\t\t<\/div>\n\t\t\t\t\t\t<div class=\"elementor-swiper-button elementor-swiper-button-next\" role=\"button\" tabindex=\"0\" aria-label=\"N\u00e4chster\">\n\t\t\t\t\t\t\t<i aria-hidden=\"true\" class=\"eicon-chevron-right\"><\/i>\t\t\t\t\t\t<\/div>\n\t\t\t\t\t\t\t\t\t\t\t\t\t\t\t\t<div class=\"swiper-pagination\"><\/div>\n\t\t\t\t\t\t\t\t\t\t\t\t<\/div>\n\t\t\t\t<\/div>\n\t\t\t\t\t\t\t\t<\/div>\n\t\t\t\t<\/div>\n\t\t\t\t<div class=\"elementor-element elementor-element-9c32a7a elementor-widget__width-initial elementor-widget elementor-widget-text-editor\" data-id=\"9c32a7a\" data-element_type=\"widget\" data-widget_type=\"text-editor.default\">\n\t\t\t\t<div class=\"elementor-widget-container\">\n\t\t\t\t\t\t\t\t\t<p>Jede Stimme z\u00e4hlt. Trag dazu bei, die Vielfalt und den gesellschaftlichen Zusammenhalt in unserem Land zu sch\u00fctzen, indem du dein Umfeld daran erinnerst, abstimmen zu gehen.<\/p>\t\t\t\t\t\t\t\t<\/div>\n\t\t\t\t<\/div>\n\t\t\t\t<div class=\"elementor-element elementor-element-8348a9d elementor-align-center elementor-widget elementor-widget-button\" data-id=\"8348a9d\" data-element_type=\"widget\" data-widget_type=\"button.default\">\n\t\t\t\t<div class=\"elementor-widget-container\">\n\t\t\t\t\t\t\t\t\t<div class=\"elementor-button-wrapper\">\n\t\t\t\t\t<a class=\"elementor-button elementor-button-link elementor-size-sm\" href=\"https:\/\/mobilisr.campax.org\/de\/\">\n\t\t\t\t\t\t<span class=\"elementor-button-content-wrapper\">\n\t\t\t\t\t\t<span class=\"elementor-button-icon\">\n\t\t\t\t<i aria-hidden=\"true\" class=\"fas fa-share\"><\/i>\t\t\t<\/span>\n\t\t\t\t\t\t\t\t\t<span class=\"elementor-button-text\">Jetzt f\u00fcr ein NEIN mobilisieren!<\/span>\n\t\t\t\t\t<\/span>\n\t\t\t\t\t<\/a>\n\t\t\t\t<\/div>\n\t\t\t\t\t\t\t\t<\/div>\n\t\t\t\t<\/div>\n\t\t\t\t<div class=\"elementor-element elementor-element-1becb1c elementor-widget elementor-widget-spacer\" data-id=\"1becb1c\" data-element_type=\"widget\" data-widget_type=\"spacer.default\">\n\t\t\t\t<div class=\"elementor-widget-container\">\n\t\t\t\t\t\t\t<div class=\"elementor-spacer\">\n\t\t\t<div class=\"elementor-spacer-inner\"><\/div>\n\t\t<\/div>\n\t\t\t\t\t\t<\/div>\n\t\t\t\t<\/div>\n\t\t\t\t<div class=\"elementor-element elementor-element-a7be1c5 elementor-widget-divider--separator-type-pattern elementor-widget-divider--no-spacing elementor-widget-divider--view-line elementor-widget elementor-widget-divider\" data-id=\"a7be1c5\" data-element_type=\"widget\" data-widget_type=\"divider.default\">\n\t\t\t\t<div class=\"elementor-widget-container\">\n\t\t\t\t\t\t\t<div class=\"elementor-divider\" style=\"--divider-pattern-url: url(&quot;data:image\/svg+xml,%3Csvg xmlns=&#039;http:\/\/www.w3.org\/2000\/svg&#039; preserveAspectRatio=&#039;xMidYMid meet&#039; overflow=&#039;visible&#039; height=&#039;100%&#039; viewBox=&#039;0 0 120 26&#039; fill=&#039;black&#039; stroke=&#039;none&#039;%3E%3Cpolygon points=&#039;0,14.4 0,21 11.5,12.4 21.3,20 30.4,11.1 40.3,20 51,12.4 60.6,20 69.6,11.1 79.3,20 90.1,12.4 99.6,20 109.7,11.1 120,21 120,14.4 109.7,5 99.6,13 90.1,5 79.3,14.5 71,5.7 60.6,12.4 51,5 40.3,14.5 31.1,5 21.3,13 11.5,5 \t&#039;\/%3E%3C\/svg%3E&quot;);\">\n\t\t\t<span class=\"elementor-divider-separator\">\n\t\t\t\t\t\t<\/span>\n\t\t<\/div>\n\t\t\t\t\t\t<\/div>\n\t\t\t\t<\/div>\n\t\t\t\t<div class=\"elementor-element elementor-element-4e8b91a elementor-widget__width-initial elementor-widget elementor-widget-text-editor\" data-id=\"4e8b91a\" data-element_type=\"widget\" data-widget_type=\"text-editor.default\">\n\t\t\t\t<div class=\"elementor-widget-container\">\n\t\t\t\t\t\t\t\t\t<p>Unterst\u00fctze uns jetzt mit einer Spende, damit wir uns voll und ganz gegen die fremdenfeindliche \u00abSVP-Chaos-Initiative\u00bb einsetzen k\u00f6nnen.<\/p><p>\u00a0<\/p><p>Danke. \u2764\ufe0f<\/p>\t\t\t\t\t\t\t\t<\/div>\n\t\t\t\t<\/div>\n\t\t\t\t<div class=\"elementor-element elementor-element-3d1d441 elementor-align-center elementor-widget elementor-widget-button\" data-id=\"3d1d441\" data-element_type=\"widget\" data-widget_type=\"button.default\">\n\t\t\t\t<div class=\"elementor-widget-container\">\n\t\t\t\t\t\t\t\t\t<div class=\"elementor-button-wrapper\">\n\t\t\t\t\t<a class=\"elementor-button elementor-button-link elementor-size-sm\" href=\"https:\/\/campax.org\/de\/abstimmung\/\">\n\t\t\t\t\t\t<span class=\"elementor-button-content-wrapper\">\n\t\t\t\t\t\t<span class=\"elementor-button-icon\">\n\t\t\t\t<i aria-hidden=\"true\" class=\"fas fa-share\"><\/i>\t\t\t<\/span>\n\t\t\t\t\t\t\t\t\t<span class=\"elementor-button-text\">Jetzt f\u00fcr den Abstimmungskampf spenden!<\/span>\n\t\t\t\t\t<\/span>\n\t\t\t\t\t<\/a>\n\t\t\t\t<\/div>\n\t\t\t\t\t\t\t\t<\/div>\n\t\t\t\t<\/div>\n\t\t\t\t\t<\/div>\n\t\t<\/div>\n\t\t\t\t\t<\/div>\n\t\t<\/section>\n\t\t\t\t<\/div>\n\t\t","protected":false},"excerpt":{"rendered":"<p>Unter dem Deckmantel von &#8222;Sicherheit&#8220; und Ressourcenschonung werden Migrant*innen einmal mehr als S\u00fcndenb\u00f6cke f\u00fcr alle aktuellen Herausforderungen hingestellt. Nein zur Chaos-Initiative der SVP am 14. Juni!<\/p>\n","protected":false},"author":9,"featured_media":73794,"comment_status":"closed","ping_status":"open","sticky":false,"template":"","format":"standard","meta":{"_acf_changed":false,"footnotes":""},"categories":[25,8,15],"tags":[],"class_list":["post-73791","post","type-post","status-publish","format-standard","has-post-thumbnail","hentry","category-campax","category-news","category-wahlen-abstimmungen"],"acf":[],"publishpress_future_action":{"enabled":false,"date":"2026-08-06 20:17:07","action":"change-status","newStatus":"draft","terms":[],"taxonomy":"category","extraData":[]},"publishpress_future_workflow_manual_trigger":{"enabledWorkflows":[]},"_links":{"self":[{"href":"https:\/\/campax.org\/de\/wp-json\/wp\/v2\/posts\/73791","targetHints":{"allow":["GET"]}}],"collection":[{"href":"https:\/\/campax.org\/de\/wp-json\/wp\/v2\/posts"}],"about":[{"href":"https:\/\/campax.org\/de\/wp-json\/wp\/v2\/types\/post"}],"author":[{"embeddable":true,"href":"https:\/\/campax.org\/de\/wp-json\/wp\/v2\/users\/9"}],"replies":[{"embeddable":true,"href":"https:\/\/campax.org\/de\/wp-json\/wp\/v2\/comments?post=73791"}],"version-history":[{"count":16,"href":"https:\/\/campax.org\/de\/wp-json\/wp\/v2\/posts\/73791\/revisions"}],"predecessor-version":[{"id":73824,"href":"https:\/\/campax.org\/de\/wp-json\/wp\/v2\/posts\/73791\/revisions\/73824"}],"wp:featuredmedia":[{"embeddable":true,"href":"https:\/\/campax.org\/de\/wp-json\/wp\/v2\/media\/73794"}],"wp:attachment":[{"href":"https:\/\/campax.org\/de\/wp-json\/wp\/v2\/media?parent=73791"}],"wp:term":[{"taxonomy":"category","embeddable":true,"href":"https:\/\/campax.org\/de\/wp-json\/wp\/v2\/categories?post=73791"},{"taxonomy":"post_tag","embeddable":true,"href":"https:\/\/campax.org\/de\/wp-json\/wp\/v2\/tags?post=73791"}],"curies":[{"name":"wp","href":"https:\/\/api.w.org\/{rel}","templated":true}]}}