{"id":39774,"date":"2023-08-30T12:09:01","date_gmt":"2023-08-30T11:09:01","guid":{"rendered":"https:\/\/campax.org\/?p=39774"},"modified":"2023-09-19T14:58:37","modified_gmt":"2023-09-19T13:58:37","slug":"ein-schaf-gegen-rechts","status":"publish","type":"post","link":"https:\/\/campax.org\/de\/ein-schaf-gegen-rechts\/","title":{"rendered":"Ein Schaf gegen Rechts"},"content":{"rendered":"\t\t<div data-elementor-type=\"wp-post\" data-elementor-id=\"39774\" class=\"elementor elementor-39774\" data-elementor-post-type=\"post\">\n\t\t\t\t\t\t<section class=\"elementor-section elementor-top-section elementor-element elementor-element-37ba47c8 elementor-section-height-min-height narrow elementor-section-boxed elementor-section-height-default elementor-section-items-middle\" data-id=\"37ba47c8\" data-element_type=\"section\" id=\"page-title\">\n\t\t\t\t\t\t<div class=\"elementor-container elementor-column-gap-default\">\n\t\t\t\t\t<div class=\"elementor-column elementor-col-100 elementor-top-column elementor-element elementor-element-6f6d3df9\" data-id=\"6f6d3df9\" data-element_type=\"column\">\n\t\t\t<div class=\"elementor-widget-wrap elementor-element-populated\">\n\t\t\t\t\t\t\t<\/div>\n\t\t<\/div>\n\t\t\t\t\t<\/div>\n\t\t<\/section>\n\t\t\t\t<section class=\"elementor-section elementor-top-section elementor-element elementor-element-7f92552 narrow article-header elementor-section-boxed elementor-section-height-default elementor-section-height-default\" data-id=\"7f92552\" data-element_type=\"section\">\n\t\t\t\t\t\t<div class=\"elementor-container elementor-column-gap-default\">\n\t\t\t\t\t<div class=\"elementor-column elementor-col-50 elementor-top-column elementor-element elementor-element-8cccb43\" data-id=\"8cccb43\" data-element_type=\"column\">\n\t\t\t<div class=\"elementor-widget-wrap elementor-element-populated\">\n\t\t\t\t\t\t<div class=\"elementor-element elementor-element-54e74678 elementor-align-left elementor-widget elementor-widget-post-info\" data-id=\"54e74678\" data-element_type=\"widget\" data-widget_type=\"post-info.default\">\n\t\t\t\t<div class=\"elementor-widget-container\">\n\t\t\t\t\t\t\t<ul class=\"elementor-icon-list-items elementor-post-info\">\n\t\t\t\t\t\t\t\t<li class=\"elementor-icon-list-item elementor-repeater-item-98b305e\" itemprop=\"datePublished\">\n\t\t\t\t\t\t<a href=\"https:\/\/campax.org\/de\/2023\/08\/30\/\">\n\t\t\t\t\t\t\t\t\t\t\t<span class=\"elementor-icon-list-icon\">\n\t\t\t\t\t\t\t\t<i aria-hidden=\"true\" class=\"fas fa-calendar\"><\/i>\t\t\t\t\t\t\t<\/span>\n\t\t\t\t\t\t\t\t\t<span class=\"elementor-icon-list-text elementor-post-info__item elementor-post-info__item--type-date\">\n\t\t\t\t\t\t\t\t\t\t<time>August 30, 2023<\/time>\t\t\t\t\t<\/span>\n\t\t\t\t\t\t\t\t\t<\/a>\n\t\t\t\t<\/li>\n\t\t\t\t<\/ul>\n\t\t\t\t\t\t<\/div>\n\t\t\t\t<\/div>\n\t\t\t\t\t<\/div>\n\t\t<\/div>\n\t\t\t\t<div class=\"elementor-column elementor-col-50 elementor-top-column elementor-element elementor-element-52244d9\" data-id=\"52244d9\" data-element_type=\"column\">\n\t\t\t<div class=\"elementor-widget-wrap elementor-element-populated\">\n\t\t\t\t\t\t<div class=\"elementor-element elementor-element-b52b6a3 elementor-widget elementor-widget-text-editor\" data-id=\"b52b6a3\" data-element_type=\"widget\" itemprop=\"author\" data-widget_type=\"text-editor.default\">\n\t\t\t\t<div class=\"elementor-widget-container\">\n\t\t\t\t\t\t\t\t\t<p>Virginia K\u00f6pfli.\u00a0<\/p>\t\t\t\t\t\t\t\t<\/div>\n\t\t\t\t<\/div>\n\t\t\t\t\t<\/div>\n\t\t<\/div>\n\t\t\t\t\t<\/div>\n\t\t<\/section>\n\t\t\t\t<section class=\"elementor-section elementor-top-section elementor-element elementor-element-26589a72 narrow elementor-section-boxed elementor-section-height-default elementor-section-height-default\" data-id=\"26589a72\" data-element_type=\"section\" id=\"article-content\">\n\t\t\t\t\t\t<div class=\"elementor-container elementor-column-gap-default\">\n\t\t\t\t\t<div class=\"elementor-column elementor-col-100 elementor-top-column elementor-element elementor-element-554fe859\" data-id=\"554fe859\" data-element_type=\"column\">\n\t\t\t<div class=\"elementor-widget-wrap elementor-element-populated\">\n\t\t\t\t\t\t<div class=\"elementor-element elementor-element-0042591 elementor-widget elementor-widget-text-editor\" data-id=\"0042591\" data-element_type=\"widget\" data-widget_type=\"text-editor.default\">\n\t\t\t\t<div class=\"elementor-widget-container\">\n\t\t\t\t\t\t\t\t\t<div class=\"lead\"><b>Nicht \u00abAlles Nazis!\u00bb<sup>1<\/sup>: Die SVP grenzt sich nicht gegen\u00fcber Neonazis ab \u2013 macht gar gemeinsame Sache mit der Jungen Tat<sup>2<\/sup> \u2013 und die FDP macht sich mit den Listenverbindungen zur Steigb\u00fcgelhalterin der Rechstspopulisten.<\/b><\/div>\t\t\t\t\t\t\t\t<\/div>\n\t\t\t\t<\/div>\n\t\t\t\t<div class=\"elementor-element elementor-element-36651b5 elementor-widget elementor-widget-image\" data-id=\"36651b5\" data-element_type=\"widget\" data-widget_type=\"image.default\">\n\t\t\t\t<div class=\"elementor-widget-container\">\n\t\t\t\t\t\t\t\t\t\t\t\t\t\t\t<img decoding=\"async\" width=\"800\" height=\"255\" data-src=\"https:\/\/campax.org\/wp-content\/uploads\/2023\/07\/Briefkastenkleber_SVP.png\" class=\"attachment-large size-large wp-image-39080 lazyload\" alt=\"Briefkastenkleber SVP Campax\" data-srcset=\"https:\/\/campax.org\/wp-content\/uploads\/2023\/07\/Briefkastenkleber_SVP.png 878w, https:\/\/campax.org\/wp-content\/uploads\/2023\/07\/Briefkastenkleber_SVP-300x96.png 300w, https:\/\/campax.org\/wp-content\/uploads\/2023\/07\/Briefkastenkleber_SVP-768x245.png 768w\" data-sizes=\"(max-width: 800px) 100vw, 800px\" src=\"data:image\/svg+xml;base64,PHN2ZyB3aWR0aD0iMSIgaGVpZ2h0PSIxIiB4bWxucz0iaHR0cDovL3d3dy53My5vcmcvMjAwMC9zdmciPjwvc3ZnPg==\" style=\"--smush-placeholder-width: 800px; --smush-placeholder-aspect-ratio: 800\/255;\" \/>\t\t\t\t\t\t\t\t\t\t\t\t\t\t\t<\/div>\n\t\t\t\t<\/div>\n\t\t\t\t<div class=\"elementor-element elementor-element-4956e3a7 elementor-widget elementor-widget-text-editor\" data-id=\"4956e3a7\" data-element_type=\"widget\" data-widget_type=\"text-editor.default\">\n\t\t\t\t<div class=\"elementor-widget-container\">\n\t\t\t\t\t\t\t\t\t\n<div>Ein Briefkastenkleber mit Schaf drauf \u2013 genau so sah das Sujet aus, das in der Schweiz im Hochsommer diskutiert wurde. Stein des Anstosses war das Schwarze Shirt des Schafes mit einem \u00abFCK NZS\u00bb-Logo drauf, welches die erste Version zierte. Doch eigentlich nahm diese Kampagne ihren Anfang bereits im Fr\u00fchsommer, als die Listenverbindung in Z\u00fcrich zwischen SVP und FDP bekannt wurde.<\/div>\n<h2>Eine Listenverbindung, die in erster Linie der SVP zu Gute kommt<\/h2>\n<div>Bei der \u00f6ffentlichen Bekanntgabe der Listenverbindung entstanden einige Fragezeichen. Wie genau funktioniert sie? Wem n\u00fctzt sie und wie viel? Warum machen das Parteien \u00fcberhaupt? Die Antworten auf diese Fragen waren f\u00fcr viele in unserem Team nicht eindeutig. Mir war \u2013 ganz ehrlich \u2013 nicht klar, dass viele Menschen in der Schweiz nicht wissen, was Listenverbindungen sind, und noch viel mehr Menschen gar nichts von der Listenverbindung zwischen SVP und FDP wissen.<\/div>\n<div>Es ist eine Listenverbindung, die in erster Linie der SVP zu Gute kommt. Denn vergangene Wahlen haben gezeigt, dass bei Listenverbindungen die gr\u00f6ssere Partei rechnerisch beinahe immer profitiert.<\/div>\n<div>Dass also die FDP mit der SVP in mehreren Kantonen paktiert, hat einen Beigeschmack. Denn \u00fcber das ganze Jahr gab es einmal mehr eine Reihe von verbalen und schriftlichen Entgleisungen von SVP-Vertreter*innen, etwa Hetzkampagnen gegen Lehrer*innen oder Dragqueens. Zudem ist eine Ann\u00e4herung von SVP-Exponent*innen und sogar ganzen Kantonalparteien an rechtsextreme Gruppierungen zu beobachten<sup>3<\/sup>. All dies geschah ohne eine nennenswerte Diskussion. Doch genau diese \u00f6ffentliche Diskussion ist notwendig.<\/div>\n<div>Umso mehr, wenn sich eine liberale Partei bei Rechtspopulisten anbiedert, die sich allzu oft nur halbherzig von Neonazis distanzieren oder solchen in die H\u00e4nde spielen<sup>4<\/sup>.<\/div>\n<div>Das hiess f\u00fcr uns: Wir wollen so vielen Personen wie m\u00f6glich klar machen, dass vor allem die SVP von dieser Listenverbindung profitiert und sich so einen gem\u00e4ssigteren Anstrich gibt. Der Briefkastenkleber war geboren und wurde somit Mittel zum Zweck. Er war provokativ, das war uns allen klar \u2013 und trotzdem waren wir \u00fcberrascht, welchen Verlauf die landesweite Diskussion genommen hat. Als ich am 20. Juli das urspr\u00fcngliche Motiv auf Twitter postete, passierte lange nichts. Erst am Mittag, als ich beim Coiffeur sass, begannen die ersten Mitglieder der Jungfreisinn auf Twitter zu antworten. Ich war \u00fcberrascht, denn immerhin war f\u00fcr mich von Anfang an sonnenklar, welche Rolle der FDP auf diesem Kleber zukommt: als Steigb\u00fcgelhalterin der Rechtspopulisten.<\/div>\n<h2>Fehlende Abgrenzung gegen Neonazis<\/h2>\n<div>Ich verstehe, dass unser Kleber kontrovers war, wir haben damit die Provokation gesucht. Trotzdem muss ich nochmals eindeutig festhalten: Mit dem Kleber wurde nie ein Nazivergleich gemacht, sondern einzig ein antifaschistisches Schaf abgebildet. Genau dieses Schaf muss sich in konsequenter antifaschistischer Tradition gegen die SVP und eben auch deren Allianzpartnerin die FDP stellen, denn erstere vers\u00e4umt es laufend, sich nach rechtsaussen abzugrenzen.<\/div>\n<div>Genauso wenig sollte dieser Kleber die Verbrechen des Dritten Reichs in irgendeiner Weise relativieren. Im Gegenteil, wir sehen uns in einer antifaschistischen Tradition und wollen auf die Gefahr von neofaschistischen Str\u00f6mungen, wie etwa der AfD, der Fratelli d\u2019Italia oder des Rassemblement National, und deren Normalisierung \u2013 auch in der Schweiz \u2013 aufmerksam machen. Der in Anlehnung an das Logo der Hip Hop-Kultband Run DMC gestaltete Schriftzug \u00abFCK NZS\u00bb ist in der antifaschistischen Bewegung popkulturell verankert<sup>5<\/sup> und richtet sich gegen Neonazis. Wir wollten nie die SVP und FDP mit Nazis gleichsetzen, sondern auf den Umstand aufmerksam machen, dass sich die SVP allzu oft nicht von Rechtsextremen abgrenzt und sogar im Kampagnen-Tandem mit Neonazis<sup>6<\/sup> Freiheitsrechte angreift. Sollten wir Direktbetroffene und ihr Umfeld durch unseren Kleber verletzend haben, so tut uns das Leid. Genau aus diesem Grund und wegen dieser Missverst\u00e4ndlichkeit haben wir das Motiv nach wenigen Stunden gewechselt.<\/div>\n<div>Trotzdem ging die Debatte weiter und ganz unverhofft entwickelte sie sich zu einem medialen Streit zwischen FDP und Campax. Anscheinend schien es der FDP extrem unangenehm zu sein, dass \u00f6ffentlich \u00fcber ihre Listenverbindungen mit der SVP gesprochen wird. Doch dank dem Briefkastenkleber geriet genau diese Debatte voll in Fahrt: \u00dcber Tage wurde auf Twitter und in den Medien nicht nur \u00fcber das Motiv, sondern auch \u00fcber die Listenverbindung gesprochen. Dabei blieb ein Teil dieser Listenverbindung bis zum Schluss stumm: die SVP. Obwohl sich unser Angriff doch eben genau an sie, an ihre Hetzkampagnen gegen Minderheiten und ihre fehlende Abgrenzung zu rechtsextremen Kreisen richtete.<\/div>\n<h2>Rechtsrutsch stoppen!<\/h2>\n<div>Manchmal verstand ich die Welt nicht mehr. Man emp\u00f6rt sich \u00fcber ein Motiv und eine Provokation, aber wenn die SVP eine Listenverbindung mit Mass-Voll eingeht, dann ist das nicht einmal mehr eine Headline wert. Gleichzeitig las man aus unserem Kleber einen Nazivergleich heraus, doch dass Mass-Voll Chef Rimoldi praktisch zeitgleich in Braunau am Inn, dem Geburtsort Adolf Hitlers, einen Stopp auf seiner R\u00fcckreise von einer rechtsextremen Demonstration in Wien machte, wurde mit wenig tiefgang diskutiert. Rimoldi beteuerte, er habe von nichts gewusst, und damit war die Sache erledigt. Da frage ich mich schon, ob \u00fcberall mit den gleichen Ellen gemessen wird.<\/div>\n<div>Unser Kleber mag provokativ sein, und vielleicht haben sich einige gefragt, was Campax da gerade anstellt. Trotzdem haben wir unser Ziel erreicht. Es wurde intensiv \u00fcber die Listenverbindung zwischen SVP und FDP diskutiert. Es wurde dar\u00fcber gesprochen, wie die FDP damit der SVP einen moderaten Anstrich gibt, w\u00e4hrend diese sich durch fehlende Abgrenzung zur rechtsextremen Szene hervortut. Zugleich hat mir die Debatte auch gezeigt, wie normalisiert rechtsextremes Gedankengut und ihre Vertreter*innen in unserer Gesellschaft schon sind.<\/div>\n<div>Es sind immer noch etwas mehr als zwei Monate bis zu den Wahlen und wir haben noch viel Arbeit vor uns. Denn wir m\u00fcssen verhindern, dass die SVP und ihre Freund*innen am 22. Oktober als Sieger*innen aus den Wahlen gehen. Also los, die Arbeit hat erst begonnen. Geben wir alles, k\u00f6nnen wir zusammen den Rechtsrutsch stoppen.<\/div>\n<div class=\"references\">\n<ul>\n \t<li><span class=\"ref-number\">[1]<\/span>\u00a0<a href=\"https:\/\/www.nzz.ch\/schweiz\/alles-nazis-kampagnenorganisation-campax-beleidigt-fdp-und-svp\" target=\"_blank\" rel=\"noopener\">https:\/\/www.nzz.ch\/schweiz\/alles-nazis-kampagnenorganisation-campax-beleidigt-fdp-und-svp-ld.1749249<\/a><\/li>\n \t<li><span class=\"ref-number\">[2]<\/span>\u00a0<a href=\"https:\/\/www.tagesanzeiger.ch\/wir-sollten-ueber-faschismus-diskutieren-810700387479\" target=\"_blank\" rel=\"noopener\">https:\/\/www.tagesanzeiger.ch\/wir-sollten-ueber-faschismus-diskutieren-810700387479<\/a><\/li>\n \t<li><span class=\"ref-number\">[3]<\/span>\u00a0<a href=\"https:\/\/www.aargauerzeitung.ch\/schweiz\/rechtsextreme-gesinnung-jung-svpler-solidarisiert-sich-mit-verhafteten-neonazis-und-promotet-rassistische-aufkleber-ld.2130521\" target=\"_blank\" rel=\"noopener\">https:\/\/www.aargauerzeitung.ch\/schweiz\/rechtsextreme-gesinnung-jung-svpler-solidarisiert-sich-mit-verhafteten-neonazis-und-promotet-rassistische-aufkleber-ld.2130521<\/a><\/li>\n \t<li><span class=\"ref-number invisible\">[3]<\/span>\u00a0<a href=\"https:\/\/www.watson.ch\/schweiz\/gesellschaft%20&amp;%20politik\/204223709-kritik-an-david-trachsel-jsvp-bewegt-sich-in-rechtsextremen-kreisen\" target=\"_blank\" rel=\"noopener\">https:\/\/www.watson.ch\/schweiz\/gesellschaft%20&amp;%20politik\/204223709-kritik-an-david-trachsel-jsvp-bewegt-sich-in-rechtsextremen-kreisen<\/a><\/li>\n \t<li><span class=\"ref-number\">[4]<\/span>\u00a0<a href=\"https:\/\/www.watson.ch\/schweiz\/svp\/196305847-svp-provoziert-in-wahlkampfsong-video-mit-neonazi-symbol\" target=\"_blank\" rel=\"noopener\">https:\/\/www.watson.ch\/schweiz\/svp\/196305847-svp-provoziert-in-wahlkampfsong-video-mit-neonazi-symbol<\/a><\/li>\n \t<li><span class=\"ref-number\">[5]<\/span>\u00a0<a href=\"https:\/\/www.bedeutungonline.de\/wie-das-run-dmc-logo-die-welt-eroberte\/\" target=\"_blank\" rel=\"noopener\">https:\/\/www.bedeutungonline.de\/wie-das-run-dmc-logo-die-welt-eroberte\/<\/a><\/li>\n \t<li><span class=\"ref-number\">[6]<\/span>\u00a0<a href=\"https:\/\/tsri.ch\/zh\/tanzhaus-zuerich-rechtsextreme-polarisierung-politik-svp-queere-tat.EXMip8smtRXRMNFM\" target=\"_blank\" rel=\"noopener\">https:\/\/tsri.ch\/zh\/tanzhaus-zuerich-rechtsextreme-polarisierung-politik-svp-queere-tat.EXMip8smtRXRMNFM<\/a><\/li>\n<\/ul>\n<\/div>\t\t\t\t\t\t\t\t<\/div>\n\t\t\t\t<\/div>\n\t\t\t\t<div class=\"elementor-element elementor-element-298fea27 elementor-align-center elementor-widget elementor-widget-button\" data-id=\"298fea27\" data-element_type=\"widget\" data-widget_type=\"button.default\">\n\t\t\t\t<div class=\"elementor-widget-container\">\n\t\t\t\t\t\t\t\t\t<div class=\"elementor-button-wrapper\">\n\t\t\t\t\t<a class=\"elementor-button elementor-button-link elementor-size-md\" href=\"https:\/\/campax.payrexx.com\/pay?cid=a6cd2961\" target=\"_blank\" rel=\"noopener\">\n\t\t\t\t\t\t<span class=\"elementor-button-content-wrapper\">\n\t\t\t\t\t\t\t\t\t<span class=\"elementor-button-text\">Jetzt f\u00fcr die Kampagne spenden!<\/span>\n\t\t\t\t\t<\/span>\n\t\t\t\t\t<\/a>\n\t\t\t\t<\/div>\n\t\t\t\t\t\t\t\t<\/div>\n\t\t\t\t<\/div>\n\t\t\t\t<div class=\"elementor-element elementor-element-32a6d6a6 elementor-align-center elementor-widget elementor-widget-button\" data-id=\"32a6d6a6\" data-element_type=\"widget\" data-widget_type=\"button.default\">\n\t\t\t\t<div class=\"elementor-widget-container\">\n\t\t\t\t\t\t\t\t\t<div class=\"elementor-button-wrapper\">\n\t\t\t\t\t<a class=\"elementor-button elementor-button-link elementor-size-md\" href=\"\/jetzt-spenden\/\">\n\t\t\t\t\t\t<span class=\"elementor-button-content-wrapper\">\n\t\t\t\t\t\t\t\t\t<span class=\"elementor-button-text\">Keine Lust zu spenden<\/span>\n\t\t\t\t\t<\/span>\n\t\t\t\t\t<\/a>\n\t\t\t\t<\/div>\n\t\t\t\t\t\t\t\t<\/div>\n\t\t\t\t<\/div>\n\t\t\t\t\t<\/div>\n\t\t<\/div>\n\t\t\t\t\t<\/div>\n\t\t<\/section>\n\t\t\t\t<\/div>\n\t\t","protected":false},"excerpt":{"rendered":"<p>Virginia K\u00f6pfli.\u00a0 Nicht \u00abAlles Nazis!\u00bb1: Die SVP grenzt sich nicht gegen\u00fcber Neonazis ab \u2013 macht gar gemeinsame Sache mit der Jungen Tat2 \u2013 und die FDP macht sich mit den Listenverbindungen zur Steigb\u00fcgelhalterin der Rechstspopulisten. Ein Briefkastenkleber mit Schaf drauf \u2013 genau so sah das Sujet aus, das in der Schweiz im Hochsommer diskutiert wurde. [&hellip;]<\/p>\n","protected":false},"author":20,"featured_media":40671,"comment_status":"closed","ping_status":"open","sticky":false,"template":"","format":"standard","meta":{"_acf_changed":false,"footnotes":""},"categories":[140,25,8,15],"tags":[],"class_list":["post-39774","post","type-post","status-publish","format-standard","has-post-thumbnail","hentry","category-antirassismus","category-campax","category-news","category-wahlen-abstimmungen"],"acf":[],"publishpress_future_action":{"enabled":false,"date":"2026-08-05 20:24:37","action":"change-status","newStatus":"draft","terms":[],"taxonomy":"category","extraData":[]},"publishpress_future_workflow_manual_trigger":{"enabledWorkflows":[]},"_links":{"self":[{"href":"https:\/\/campax.org\/de\/wp-json\/wp\/v2\/posts\/39774","targetHints":{"allow":["GET"]}}],"collection":[{"href":"https:\/\/campax.org\/de\/wp-json\/wp\/v2\/posts"}],"about":[{"href":"https:\/\/campax.org\/de\/wp-json\/wp\/v2\/types\/post"}],"author":[{"embeddable":true,"href":"https:\/\/campax.org\/de\/wp-json\/wp\/v2\/users\/20"}],"replies":[{"embeddable":true,"href":"https:\/\/campax.org\/de\/wp-json\/wp\/v2\/comments?post=39774"}],"version-history":[{"count":0,"href":"https:\/\/campax.org\/de\/wp-json\/wp\/v2\/posts\/39774\/revisions"}],"wp:featuredmedia":[{"embeddable":true,"href":"https:\/\/campax.org\/de\/wp-json\/wp\/v2\/media\/40671"}],"wp:attachment":[{"href":"https:\/\/campax.org\/de\/wp-json\/wp\/v2\/media?parent=39774"}],"wp:term":[{"taxonomy":"category","embeddable":true,"href":"https:\/\/campax.org\/de\/wp-json\/wp\/v2\/categories?post=39774"},{"taxonomy":"post_tag","embeddable":true,"href":"https:\/\/campax.org\/de\/wp-json\/wp\/v2\/tags?post=39774"}],"curies":[{"name":"wp","href":"https:\/\/api.w.org\/{rel}","templated":true}]}}